{"id":84586,"date":"2026-02-01T21:54:54","date_gmt":"2026-02-01T18:54:54","guid":{"rendered":"https:\/\/www.egemtv.com\/?p=84586"},"modified":"2026-02-01T21:54:55","modified_gmt":"2026-02-01T18:54:55","slug":"aliaga-esnaf-ve-sanatkarlar-odasinin-yeni-baskani-isa-ozbek-oldu","status":"publish","type":"post","link":"https:\/\/www.egemtv.com\/?p=84586","title":{"rendered":"Alia\u011fa Esnaf ve Sanatk\u00e2rlar Odas\u0131\u2019n\u0131n yeni ba\u015fkan\u0131 \u0130sa \u00d6zbek oldu"},"content":{"rendered":"<p>Alia\u011fa Esnaf ve Sanatk\u00e2rlar Odas\u0131\u2019nda \u0130sa \u00d6zbek, mevcut ba\u015fkan Serdar Berk\u2019i 3 oy farkla geride b\u0131rakarak ba\u015fkan se\u00e7ildi.<br \/>\n<br \/>Alia\u011fa Esnaf ve Sanatk\u00e2rlar Odas\u0131\u2019n\u0131n 74. Ola\u011fan Genel Kurulu, Yeni Mahalle\u2019de bulunan Belediye D\u00fc\u011f\u00fcn Salonu\u2019nda yo\u011fun kat\u0131l\u0131mla ger\u00e7ekle\u015ftirildi. Genel kurulda yakla\u015f\u0131k bin 316 \u00fcye oy kulland\u0131. Yap\u0131lan se\u00e7imde \u0130sa \u00d6zbek 556 oy alarak ba\u015fkanl\u0131\u011fa se\u00e7ilirken, mevcut ba\u015fkan Serdar Berk ise 553 oyda kald\u0131. Di\u011fer aday Ozan Y\u0131ld\u0131zba\u015f da 196 oy ald\u0131.<br \/>\n<br \/>Se\u00e7imlerin demokratik bir ortamda tamamland\u0131\u011f\u0131 genel kurulun ard\u0131ndan konu\u015fan Ba\u015fkan \u0130sa \u00d6zbek, &#8220;Bug\u00fcn demokrasimize ve odam\u0131za sahip \u00e7\u0131karak se\u00e7imlerimize kat\u0131lan t\u00fcm esnaflar\u0131m\u0131za te\u015fekk\u00fcr ediyorum. Oy veren, vermeyen herkesten Allah raz\u0131 olsun. Kazanan odam\u0131z ve esnaf\u0131m\u0131z oldu&#8221; dedi.<br \/>\n<br \/>Genel kurula Alia\u011fa Belediye Ba\u015fkan Yard\u0131mc\u0131s\u0131 Mesut \u00d6zt\u00fcrk, \u0130zmir Esnaf ve Sanatk\u00e2rlar Odalar\u0131 Birli\u011fi Ba\u015fkan\u0131 Yal\u00e7\u0131n Ata, il\u00e7e oda ba\u015fkanlar\u0131, siyasi parti temsilcileri ve esnaf kat\u0131ld\u0131.<br \/><\/p>\n","protected":false},"excerpt":{"rendered":"<p>Alia\u011fa Esnaf ve Sanatk\u00e2rlar Odas\u0131\u2019nda \u0130sa \u00d6zbek, mevcut ba\u015fkan Serdar Berk\u2019i 3 oy farkla geride b\u0131rakarak ba\u015fkan se\u00e7ildi. Alia\u011fa Esnaf ve Sanatk\u00e2rlar Odas\u0131\u2019n\u0131n 74. Ola\u011fan Genel Kurulu, Yeni Mahalle\u2019de bulunan Belediye D\u00fc\u011f\u00fcn Salonu\u2019nda yo\u011fun kat\u0131l\u0131mla ger\u00e7ekle\u015ftirildi. Genel kurulda yakla\u015f\u0131k bin 316 \u00fcye oy kulland\u0131. Yap\u0131lan se\u00e7imde \u0130sa \u00d6zbek 556 oy alarak ba\u015fkanl\u0131\u011fa se\u00e7ilirken, mevcut ba\u015fkan&#8230;<\/p>\n","protected":false},"author":1,"featured_media":84587,"comment_status":"open","ping_status":"open","sticky":false,"template":"","format":"standard","meta":{"_crdt_document":"","footnotes":""},"categories":[1],"tags":[],"class_list":["post-84586","post","type-post","status-publish","format-standard","has-post-thumbnail","hentry","category-guncel"],"_links":{"self":[{"href":"https:\/\/www.egemtv.com\/index.php?rest_route=\/wp\/v2\/posts\/84586","targetHints":{"allow":["GET"]}}],"collection":[{"href":"https:\/\/www.egemtv.com\/index.php?rest_route=\/wp\/v2\/posts"}],"about":[{"href":"https:\/\/www.egemtv.com\/index.php?rest_route=\/wp\/v2\/types\/post"}],"author":[{"embeddable":true,"href":"https:\/\/www.egemtv.com\/index.php?rest_route=\/wp\/v2\/users\/1"}],"replies":[{"embeddable":true,"href":"https:\/\/www.egemtv.com\/index.php?rest_route=%2Fwp%2Fv2%2Fcomments&post=84586"}],"version-history":[{"count":1,"href":"https:\/\/www.egemtv.com\/index.php?rest_route=\/wp\/v2\/posts\/84586\/revisions"}],"predecessor-version":[{"id":84588,"href":"https:\/\/www.egemtv.com\/index.php?rest_route=\/wp\/v2\/posts\/84586\/revisions\/84588"}],"wp:featuredmedia":[{"embeddable":true,"href":"https:\/\/www.egemtv.com\/index.php?rest_route=\/wp\/v2\/media\/84587"}],"wp:attachment":[{"href":"https:\/\/www.egemtv.com\/index.php?rest_route=%2Fwp%2Fv2%2Fmedia&parent=84586"}],"wp:term":[{"taxonomy":"category","embeddable":true,"href":"https:\/\/www.egemtv.com\/index.php?rest_route=%2Fwp%2Fv2%2Fcategories&post=84586"},{"taxonomy":"post_tag","embeddable":true,"href":"https:\/\/www.egemtv.com\/index.php?rest_route=%2Fwp%2Fv2%2Ftags&post=84586"}],"curies":[{"name":"wp","href":"https:\/\/api.w.org\/{rel}","templated":true}]}}