{"id":84583,"date":"2026-02-01T20:54:37","date_gmt":"2026-02-01T17:54:37","guid":{"rendered":"https:\/\/www.egemtv.com\/?p=84583"},"modified":"2026-02-01T20:54:38","modified_gmt":"2026-02-01T17:54:38","slug":"kusadasi-belediyesi-ekipleri-yagmurun-ilk-anindan-itibaren-sahadaydi","status":"publish","type":"post","link":"https:\/\/www.egemtv.com\/?p=84583","title":{"rendered":"Ku\u015fadas\u0131 Belediyesi ekipleri ya\u011fmurun ilk an\u0131ndan itibaren sahadayd\u0131"},"content":{"rendered":"<p>Meteoroloji Genel M\u00fcd\u00fcrl\u00fc\u011f\u00fc\u2019n\u00fcn K\u0131y\u0131 Ege i\u00e7in yapt\u0131\u011f\u0131 sar\u0131 alarm uyar\u0131s\u0131n\u0131n ard\u0131ndan, Ku\u015fadas\u0131 Belediyesi muhtemel sel ve ta\u015fk\u0131nlara kar\u015f\u0131 \u00f6nceden organize olarak teyakkuza ge\u00e7ti. Fen \u0130\u015fleri, Acil Durum M\u00fcdahale, Park ve Bah\u00e7eler ile Sosyal Yard\u0131m ekipleri, ya\u011f\u0131\u015f\u0131n ilk saatlerinden itibaren il\u00e7e genelinde kesintisiz ve yo\u011fun bir mesai y\u00fcr\u00fct\u00fcyor.<\/p>\n<p>Bug\u00fcn \u00f6\u011fle saatlerinde etkisini art\u0131ran ve saatte 60 kilometre h\u0131za ula\u015fan kuvvetli r\u00fczgarla birlikte ba\u015flayan sa\u011fanak ya\u011f\u0131\u015f ve dolu, Ku\u015fadas\u0131 ve mahallelerinde sel ve ta\u015fk\u0131nlara neden oldu. \u0130lk al\u0131nan bilgilere g\u00f6re, son 2 saat i\u00e7inde metrekareye yakla\u015f\u0131k 110 litre ya\u011fmur suyu d\u00fc\u015ft\u00fc. \u015eiddetli ya\u011f\u0131\u015flar nedeniyle r\u00f6garlar ta\u015ft\u0131, dere yataklar\u0131 doldu, cadde ve sokaklar g\u00f6le d\u00f6nd\u00fc. Baz\u0131 b\u00f6lgelerde istinat duvarlar\u0131 \u00e7\u00f6kerken, Ku\u015fadas\u0131-S\u00f6ke \u00e7evre yolu sel sebebiyle trafi\u011fe kapat\u0131ld\u0131. Ayd\u0131n \u00c7aml\u0131k Yolu da ta\u015fan dere nedeniyle ula\u015f\u0131ma kapand\u0131. \u00d6zellikle Davutlar ve G\u00fczel\u00e7aml\u0131 mahallelerinde \u00e7ok say\u0131da ev ve i\u015f yerinde su bask\u0131n\u0131 ya\u015fand\u0131. Ku\u015fadas\u0131 Belediyesi ekipleri, su tahliye \u00e7al\u0131\u015fmalar\u0131, t\u0131kanan mazgal ve r\u00f6garlar\u0131n a\u00e7\u0131lmas\u0131, yol g\u00fcvenli\u011finin sa\u011flanmas\u0131 ve hasar tespit \u00e7al\u0131\u015fmalar\u0131yla sahada aktif g\u00f6rev ald\u0131. Sosyal Yard\u0131m ekipleri ise su bask\u0131n\u0131ndan etkilenen ihtiya\u00e7 sahibi vatanda\u015flara an\u0131nda destek sa\u011flad\u0131. Yetkililer, ya\u011f\u0131\u015flar\u0131n aral\u0131klarla devam edebilece\u011fini belirterek vatanda\u015flar\u0131 dere yataklar\u0131ndan uzak durmalar\u0131 ve zorunlu olmad\u0131k\u00e7a trafi\u011fe \u00e7\u0131kmamalar\u0131 konusunda uyard\u0131.<br \/><\/p>\n","protected":false},"excerpt":{"rendered":"<p>Meteoroloji Genel M\u00fcd\u00fcrl\u00fc\u011f\u00fc\u2019n\u00fcn K\u0131y\u0131 Ege i\u00e7in yapt\u0131\u011f\u0131 sar\u0131 alarm uyar\u0131s\u0131n\u0131n ard\u0131ndan, Ku\u015fadas\u0131 Belediyesi muhtemel sel ve ta\u015fk\u0131nlara kar\u015f\u0131 \u00f6nceden organize olarak teyakkuza ge\u00e7ti. Fen \u0130\u015fleri, Acil Durum M\u00fcdahale, Park ve Bah\u00e7eler ile Sosyal Yard\u0131m ekipleri, ya\u011f\u0131\u015f\u0131n ilk saatlerinden itibaren il\u00e7e genelinde kesintisiz ve yo\u011fun bir mesai y\u00fcr\u00fct\u00fcyor. Bug\u00fcn \u00f6\u011fle saatlerinde etkisini art\u0131ran ve saatte 60&#8230;<\/p>\n","protected":false},"author":1,"featured_media":84584,"comment_status":"open","ping_status":"open","sticky":false,"template":"","format":"standard","meta":{"_crdt_document":"","footnotes":""},"categories":[1],"tags":[],"class_list":["post-84583","post","type-post","status-publish","format-standard","has-post-thumbnail","hentry","category-guncel"],"_links":{"self":[{"href":"https:\/\/www.egemtv.com\/index.php?rest_route=\/wp\/v2\/posts\/84583","targetHints":{"allow":["GET"]}}],"collection":[{"href":"https:\/\/www.egemtv.com\/index.php?rest_route=\/wp\/v2\/posts"}],"about":[{"href":"https:\/\/www.egemtv.com\/index.php?rest_route=\/wp\/v2\/types\/post"}],"author":[{"embeddable":true,"href":"https:\/\/www.egemtv.com\/index.php?rest_route=\/wp\/v2\/users\/1"}],"replies":[{"embeddable":true,"href":"https:\/\/www.egemtv.com\/index.php?rest_route=%2Fwp%2Fv2%2Fcomments&post=84583"}],"version-history":[{"count":1,"href":"https:\/\/www.egemtv.com\/index.php?rest_route=\/wp\/v2\/posts\/84583\/revisions"}],"predecessor-version":[{"id":84585,"href":"https:\/\/www.egemtv.com\/index.php?rest_route=\/wp\/v2\/posts\/84583\/revisions\/84585"}],"wp:featuredmedia":[{"embeddable":true,"href":"https:\/\/www.egemtv.com\/index.php?rest_route=\/wp\/v2\/media\/84584"}],"wp:attachment":[{"href":"https:\/\/www.egemtv.com\/index.php?rest_route=%2Fwp%2Fv2%2Fmedia&parent=84583"}],"wp:term":[{"taxonomy":"category","embeddable":true,"href":"https:\/\/www.egemtv.com\/index.php?rest_route=%2Fwp%2Fv2%2Fcategories&post=84583"},{"taxonomy":"post_tag","embeddable":true,"href":"https:\/\/www.egemtv.com\/index.php?rest_route=%2Fwp%2Fv2%2Ftags&post=84583"}],"curies":[{"name":"wp","href":"https:\/\/api.w.org\/{rel}","templated":true}]}}