{"id":84580,"date":"2026-02-01T20:15:13","date_gmt":"2026-02-01T17:15:13","guid":{"rendered":"https:\/\/www.egemtv.com\/?p=84580"},"modified":"2026-02-01T20:15:15","modified_gmt":"2026-02-01T17:15:15","slug":"kusadasinda-siddetli-yagis-ve-dolu-etkili-oldu","status":"publish","type":"post","link":"https:\/\/www.egemtv.com\/?p=84580","title":{"rendered":"Ku\u015fadas\u0131\u2019nda \u015fiddetli ya\u011f\u0131\u015f ve dolu etkili oldu"},"content":{"rendered":"<p>Ayd\u0131n\u2019\u0131n Ku\u015fadas\u0131 il\u00e7esinde sa\u011fanak ya\u011f\u0131\u015f ile birlikte dolu ve f\u0131rt\u0131na etkili olurken, baz\u0131 i\u015f yerleri ve evleri su bast\u0131. Baz\u0131 sokak ve caddelerde de su bask\u0131nlar\u0131 ya\u015fan\u0131rken, belediye ekipleri ve vatanda\u015flar ta\u015f\u0131nan \u00e7\u00f6plerle t\u0131kanan r\u00f6garlar\u0131 a\u00e7mak i\u00e7in seferber oldu.<br \/>\n<br \/>Ayd\u0131n genelinde etkili olan sa\u011fanak ya\u011f\u0131\u015f hayat\u0131 olumsuz etkiledi. Sabah saatlerinde meteorolojiden yap\u0131lan uyar\u0131lar kapsam\u0131nda bir\u00e7ok il\u00e7ede kriz masas\u0131 olu\u015fturuldu. \u00d6zellikle Ayd\u0131n\u2019\u0131n bat\u0131 kesimlerinde etkili olan ya\u011f\u0131\u015f ak\u015fam saatlerinde kendini g\u00f6sterdi. Ku\u015fadas\u0131 il\u00e7esinde bir anda ba\u015flayan sa\u011fanak ya\u011f\u0131\u015f ve dolu sonras\u0131nda bir\u00e7ok sokak ve caddede su bask\u0131nlar\u0131 ya\u015fand\u0131. Baz\u0131 i\u015f yerleri ve evleri su basarken, ula\u015f\u0131mda da aksamalar oldu. Ya\u011f\u0131\u015flara yolda yakalanan bir\u00e7ok ara\u00e7 s\u00fcr\u00fcc\u00fcs\u00fc zor anlar ya\u015farken, zaman zaman trafik durma noktas\u0131na geldi. Olumsuzluklar\u0131n \u00f6nlenmesi i\u00e7in teyakkuzda bekleyen Ayd\u0131n B\u00fcy\u00fck\u015fehir Belediyesi ve Ku\u015fadas\u0131 Belediyesi ekipleri, su bask\u0131n\u0131 ya\u015fanan b\u00f6lgelerde \u00e7al\u0131\u015fma ba\u015flatt\u0131. Akan sular ile birlikte ta\u015f\u0131nan \u00e7\u00f6pler dolay\u0131s\u0131yla t\u0131kanan r\u00f6garlar\u0131n a\u00e7\u0131lmas\u0131 ve suyun tahliye edilmesi i\u00e7in ekipler yo\u011fun \u00e7aba sarf ederken, vatanda\u015flar da kendi imkanlar\u0131yla r\u00f6garlar\u0131 temizlemeye \u00e7al\u0131\u015ft\u0131.<br \/>\n<br \/>Ku\u015fadas\u0131\u2019n\u0131n en yo\u011fun trafi\u011finin oldu\u011fu yerlerden olan \u00c7evre Yolu Kav\u015fa\u011f\u0131 da ya\u011f\u0131\u015flar nedeniyle kapan\u0131rken, b\u00f6lgede ekiplerin \u00e7al\u0131\u015fmas\u0131 devam ediyor.<br \/><\/p>\n","protected":false},"excerpt":{"rendered":"<p>Ayd\u0131n\u2019\u0131n Ku\u015fadas\u0131 il\u00e7esinde sa\u011fanak ya\u011f\u0131\u015f ile birlikte dolu ve f\u0131rt\u0131na etkili olurken, baz\u0131 i\u015f yerleri ve evleri su bast\u0131. Baz\u0131 sokak ve caddelerde de su bask\u0131nlar\u0131 ya\u015fan\u0131rken, belediye ekipleri ve vatanda\u015flar ta\u015f\u0131nan \u00e7\u00f6plerle t\u0131kanan r\u00f6garlar\u0131 a\u00e7mak i\u00e7in seferber oldu. Ayd\u0131n genelinde etkili olan sa\u011fanak ya\u011f\u0131\u015f hayat\u0131 olumsuz etkiledi. Sabah saatlerinde meteorolojiden yap\u0131lan uyar\u0131lar kapsam\u0131nda bir\u00e7ok&#8230;<\/p>\n","protected":false},"author":1,"featured_media":84581,"comment_status":"open","ping_status":"open","sticky":false,"template":"","format":"standard","meta":{"_crdt_document":"","footnotes":""},"categories":[1],"tags":[],"class_list":["post-84580","post","type-post","status-publish","format-standard","has-post-thumbnail","hentry","category-guncel"],"_links":{"self":[{"href":"https:\/\/www.egemtv.com\/index.php?rest_route=\/wp\/v2\/posts\/84580","targetHints":{"allow":["GET"]}}],"collection":[{"href":"https:\/\/www.egemtv.com\/index.php?rest_route=\/wp\/v2\/posts"}],"about":[{"href":"https:\/\/www.egemtv.com\/index.php?rest_route=\/wp\/v2\/types\/post"}],"author":[{"embeddable":true,"href":"https:\/\/www.egemtv.com\/index.php?rest_route=\/wp\/v2\/users\/1"}],"replies":[{"embeddable":true,"href":"https:\/\/www.egemtv.com\/index.php?rest_route=%2Fwp%2Fv2%2Fcomments&post=84580"}],"version-history":[{"count":1,"href":"https:\/\/www.egemtv.com\/index.php?rest_route=\/wp\/v2\/posts\/84580\/revisions"}],"predecessor-version":[{"id":84582,"href":"https:\/\/www.egemtv.com\/index.php?rest_route=\/wp\/v2\/posts\/84580\/revisions\/84582"}],"wp:featuredmedia":[{"embeddable":true,"href":"https:\/\/www.egemtv.com\/index.php?rest_route=\/wp\/v2\/media\/84581"}],"wp:attachment":[{"href":"https:\/\/www.egemtv.com\/index.php?rest_route=%2Fwp%2Fv2%2Fmedia&parent=84580"}],"wp:term":[{"taxonomy":"category","embeddable":true,"href":"https:\/\/www.egemtv.com\/index.php?rest_route=%2Fwp%2Fv2%2Fcategories&post=84580"},{"taxonomy":"post_tag","embeddable":true,"href":"https:\/\/www.egemtv.com\/index.php?rest_route=%2Fwp%2Fv2%2Ftags&post=84580"}],"curies":[{"name":"wp","href":"https:\/\/api.w.org\/{rel}","templated":true}]}}