{"id":84577,"date":"2026-02-01T19:54:57","date_gmt":"2026-02-01T16:54:57","guid":{"rendered":"https:\/\/www.egemtv.com\/?p=84577"},"modified":"2026-02-01T19:54:58","modified_gmt":"2026-02-01T16:54:58","slug":"sarigol-soforler-ve-otomobilciler-odasinda-baskan-bulanik-guven-tazeledi","status":"publish","type":"post","link":"https:\/\/www.egemtv.com\/?p=84577","title":{"rendered":"Sar\u0131g\u00f6l \u015eof\u00f6rler ve Otomobilciler Odas\u0131nda Ba\u015fkan Bulan\u0131k g\u00fcven tazeledi"},"content":{"rendered":"<p>Sar\u0131g\u00f6l \u015eof\u00f6rler ve Otomobilciler Odas\u0131 Ola\u011fan Genel Kurulu\u2019nda tek listeyle gidilen se\u00e7imlerde mevcut ba\u015fkan \u0130brahim Bulan\u0131k, yeniden ba\u015fkanl\u0131\u011fa se\u00e7ildi.<br \/>\n<br \/>Sar\u0131g\u00f6l \u015eof\u00f6rler ve Otomobilciler Odas\u0131 Ola\u011fan Genel Kurulu, Sar\u0131g\u00f6l Esnaf ve Kefalet Kooperatifi toplant\u0131 salonunda ger\u00e7ekle\u015ftirildi. Tek liste halinde gidilen kongrede, mevcut ba\u015fkan \u0130brahim Bulan\u0131k \u00fcyelerin oylar\u0131yla yeniden ba\u015fkan se\u00e7ilerek g\u00fcven tazeledi. Yo\u011fun kat\u0131l\u0131m\u0131n oldu\u011fu genel kurulda birlik ve beraberlik mesajlar\u0131 verildi.<br \/>\n<br \/>Kongre sonunda s\u00f6z alan Ba\u015fkan \u0130brahim Bulan\u0131k, kendisine destek veren \u00fcyelere te\u015fekk\u00fcr ederek, &#8220;Sorunlar\u0131m\u0131z\u0131 biliyorum. Hepsinin fark\u0131nday\u0131m. \u0130n\u015fallah her birini s\u0131rayla \u00e7\u00f6zmeye, yapmaya devam edece\u011fim&#8221; dedi.<br \/>\n<br \/>Genel kurul, dilek ve temennilerin dile getirilmesinin ard\u0131ndan sona erdi.<br \/><\/p>\n","protected":false},"excerpt":{"rendered":"<p>Sar\u0131g\u00f6l \u015eof\u00f6rler ve Otomobilciler Odas\u0131 Ola\u011fan Genel Kurulu\u2019nda tek listeyle gidilen se\u00e7imlerde mevcut ba\u015fkan \u0130brahim Bulan\u0131k, yeniden ba\u015fkanl\u0131\u011fa se\u00e7ildi. Sar\u0131g\u00f6l \u015eof\u00f6rler ve Otomobilciler Odas\u0131 Ola\u011fan Genel Kurulu, Sar\u0131g\u00f6l Esnaf ve Kefalet Kooperatifi toplant\u0131 salonunda ger\u00e7ekle\u015ftirildi. Tek liste halinde gidilen kongrede, mevcut ba\u015fkan \u0130brahim Bulan\u0131k \u00fcyelerin oylar\u0131yla yeniden ba\u015fkan se\u00e7ilerek g\u00fcven tazeledi. Yo\u011fun kat\u0131l\u0131m\u0131n oldu\u011fu genel&#8230;<\/p>\n","protected":false},"author":1,"featured_media":84578,"comment_status":"open","ping_status":"open","sticky":false,"template":"","format":"standard","meta":{"_crdt_document":"","footnotes":""},"categories":[123],"tags":[],"class_list":["post-84577","post","type-post","status-publish","format-standard","has-post-thumbnail","hentry","category-gundem"],"_links":{"self":[{"href":"https:\/\/www.egemtv.com\/index.php?rest_route=\/wp\/v2\/posts\/84577","targetHints":{"allow":["GET"]}}],"collection":[{"href":"https:\/\/www.egemtv.com\/index.php?rest_route=\/wp\/v2\/posts"}],"about":[{"href":"https:\/\/www.egemtv.com\/index.php?rest_route=\/wp\/v2\/types\/post"}],"author":[{"embeddable":true,"href":"https:\/\/www.egemtv.com\/index.php?rest_route=\/wp\/v2\/users\/1"}],"replies":[{"embeddable":true,"href":"https:\/\/www.egemtv.com\/index.php?rest_route=%2Fwp%2Fv2%2Fcomments&post=84577"}],"version-history":[{"count":1,"href":"https:\/\/www.egemtv.com\/index.php?rest_route=\/wp\/v2\/posts\/84577\/revisions"}],"predecessor-version":[{"id":84579,"href":"https:\/\/www.egemtv.com\/index.php?rest_route=\/wp\/v2\/posts\/84577\/revisions\/84579"}],"wp:featuredmedia":[{"embeddable":true,"href":"https:\/\/www.egemtv.com\/index.php?rest_route=\/wp\/v2\/media\/84578"}],"wp:attachment":[{"href":"https:\/\/www.egemtv.com\/index.php?rest_route=%2Fwp%2Fv2%2Fmedia&parent=84577"}],"wp:term":[{"taxonomy":"category","embeddable":true,"href":"https:\/\/www.egemtv.com\/index.php?rest_route=%2Fwp%2Fv2%2Fcategories&post=84577"},{"taxonomy":"post_tag","embeddable":true,"href":"https:\/\/www.egemtv.com\/index.php?rest_route=%2Fwp%2Fv2%2Ftags&post=84577"}],"curies":[{"name":"wp","href":"https:\/\/api.w.org\/{rel}","templated":true}]}}