{"id":84574,"date":"2026-02-01T19:34:44","date_gmt":"2026-02-01T16:34:44","guid":{"rendered":"https:\/\/www.egemtv.com\/?p=84574"},"modified":"2026-02-01T19:34:45","modified_gmt":"2026-02-01T16:34:45","slug":"izmirde-187-su-baskini-ihbarina-mudahale-edildi","status":"publish","type":"post","link":"https:\/\/www.egemtv.com\/?p=84574","title":{"rendered":"\u0130zmir\u2019de 187 su bask\u0131n\u0131 ihbar\u0131na m\u00fcdahale edildi"},"content":{"rendered":"<p>Meteoroloji\u2019nin turuncu kodlu ya\u011f\u0131\u015f uyar\u0131s\u0131 verdi\u011fi \u0130zmir\u2019de kuvvetli sa\u011fanak kent genelinde etkili oldu. \u0130zmir B\u00fcy\u00fck\u015fehir Belediyesi ekipleri 500 ara\u00e7 ve bin 600 personelle sahada g\u00f6rev yaparken, 153 ve 185 hatlar\u0131na gelen 187 su bask\u0131n\u0131 ihbar\u0131na an\u0131nda m\u00fcdahale edildi. B\u00fcy\u00fck\u015fehir Belediyesi, sa\u011fanak ya\u011f\u0131\u015flara kar\u015f\u0131 kriz masas\u0131 da kurdu.<br \/>\n<br \/>Meteoroloji Genel M\u00fcd\u00fcrl\u00fc\u011f\u00fc taraf\u0131ndan turuncu kodlu kuvvetli ya\u011f\u0131\u015f uyar\u0131s\u0131 yap\u0131lan \u0130zmir\u2019de g\u00fcn boyunca etkili olan sa\u011fanak ya\u011f\u0131\u015flar nedeniyle B\u00fcy\u00fck\u015fehir Belediyesi t\u00fcm birimleriyle teyakkuz halinde sahaya \u00e7\u0131kt\u0131. Kent genelinde yol ve kav\u015faklarda su birikmeleri ile ev ve i\u015f yerlerine y\u00f6nelik su bask\u0131n\u0131 ihbarlar\u0131 al\u0131n\u0131rken, ekipler ihbarlara e\u015f zamanl\u0131 m\u00fcdahale etti. Ya\u011f\u0131\u015flar\u0131n ard\u0131ndan merkez il\u00e7elerde derelerin ak\u0131\u015f\u0131 normale d\u00f6nerken, ula\u015f\u0131m g\u00fcvenli\u011fi ve altyap\u0131n\u0131n korunmas\u0131 i\u00e7in \u00e7al\u0131\u015fmalar aral\u0131ks\u0131z s\u00fcrd\u00fcr\u00fcld\u00fc.<\/p>\n<p>Metrekareye d\u00fc\u015fen ya\u011f\u0131\u015f miktarlar\u0131<br \/>\n<br \/>Meteoroloji \u00f6l\u00e7\u00fcm istasyonlar\u0131ndan al\u0131nan verilere g\u00f6re \u00c7e\u015fme\u2019de metrekareye 35,4 kg, Karaburun\u2019da 28,6 kg, Urla\u2019da 23,5 kg, Kemalpa\u015fa\u2019da 20,8 kg, Alia\u011fa\u2019da 20,6 kg, Buca\u2019da 20,6 kg, Konak\u2019ta 18,2 kg ya\u011f\u0131\u015f d\u00fc\u015ft\u00fc. Ya\u011f\u0131\u015flarla birlikte 153 ve 185 \u00c7a\u011fr\u0131 Merkezlerine saat 17.00\u2019ye kadar toplam 187 su bask\u0131n\u0131 ihbar\u0131 yap\u0131ld\u0131. \u0130l\u00e7e baz\u0131nda en fazla ihbar \u00c7e\u015fme ve Bornova il\u00e7elerinden geldi.<\/p>\n<p>Kriz masas\u0131 devrede<br \/>\n<br \/>\u0130zmir i\u00e7in verilen turuncu alarm nedeniyle \u0130zmir B\u00fcy\u00fck\u015fehir Belediyesi taraf\u0131ndan Afet Koordinasyon Merkezi \u015eube M\u00fcd\u00fcrl\u00fc\u011f\u00fc\u2019nde (AKOM) kriz masas\u0131 kuruldu. Sahadan gelen verilerin d\u00fczenli toplant\u0131larla de\u011ferlendirildi\u011fi kriz masas\u0131nda \u0130zmir B\u00fcy\u00fck\u015fehir Belediyesi Genel Sekreter Yard\u0131mc\u0131s\u0131 Dr. Hakan Uzun, \u0130ZSU Genel M\u00fcd\u00fcr Yard\u0131mc\u0131s\u0131 Onur Demirci, \u0130zmir B\u00fcy\u00fck\u015fehir Belediyesi Afet \u0130\u015fleri Dairesi Ba\u015fkan\u0131 Eylem Uluta\u015f Ayatar, \u0130zmir B\u00fcy\u00fck\u015fehir Belediyesi \u0130tfaiye Dairesi Ba\u015fkan\u0131 Ya\u015far Korkmaz ve birimlerin y\u00f6neticileri ile temsilcileri yer ald\u0131. Kriz masas\u0131nda kentin d\u00f6rt bir yan\u0131ndan gelen ihbarlar ve bilgilerle sahadaki ekipler y\u00f6nlendirilerek, \u00f6nlemler al\u0131nd\u0131.<br \/>\n<br \/>Kriz masas\u0131 toplant\u0131lar\u0131n\u0131 takip eden \u0130zmir B\u00fcy\u00fck\u015fehir Belediyesi Genel Sekreter Yard\u0131mc\u0131s\u0131 Dr. Hakan Uzun, &#8220;Turuncu alarm \u00fczerine \u0130zmir B\u00fcy\u00fck\u015fehir Belediyesi olarak kriz masas\u0131 kurduk. T\u00fcm birimlerimizle burada teyakkuz halindeyiz&#8221; dedi.<br \/>\n<br \/>Vatanda\u015flara \u00e7a\u011fr\u0131da bulunan Uzun, &#8220;Ya\u011f\u0131\u015f\u0131n g\u00fcc\u00fcn\u00fc dikkate alarak m\u00fcmk\u00fcn oldu\u011funca yolculuklar\u0131n ertelenmesini, trafi\u011fe \u00e7\u0131k\u0131lmamas\u0131n\u0131, dere yataklar\u0131 ve su bask\u0131n\u0131 riski olan alanlardan uzak durulmas\u0131n\u0131 rica ediyoruz. Her t\u00fcrl\u00fc olumsuzlukta H\u0130M 153 ve 112 hatlar\u0131ndan bizlere ula\u015fabilirler. T\u00fcm g\u00fcc\u00fcm\u00fczle vatanda\u015flar\u0131m\u0131z\u0131n yan\u0131nda olmaya devam edece\u011fiz&#8221; ifadelerini kulland\u0131.<br \/>\n<br \/>Hakan Uzun ayr\u0131ca kapanan yollar ve su bask\u0131nlar\u0131yla ilgili bilgilerin \u0130zmir B\u00fcy\u00fck\u015fehir Belediyesi\u2019nin ileti\u015fim kanallar\u0131 \u00fczerinden anl\u0131k olarak payla\u015f\u0131laca\u011f\u0131n\u0131 belirterek, &#8220;Vatanda\u015flar\u0131m\u0131zdan gelen ihbarlar do\u011frultusunda ekiplerimizi h\u0131zla y\u00f6nlendiriyoruz. Ya\u015fanabilecek olumsuzluklara ili\u015fkin bilgilendirmeyi s\u00fcrd\u00fcrmeye devam edece\u011fiz&#8221; dedi.<\/p>\n<p>Ula\u015f\u0131m\u0131n aksamamas\u0131 i\u00e7in yo\u011fun m\u00fccadele<br \/>\n<br \/>\u0130zmir B\u00fcy\u00fck\u015fehir Belediyesi, muhtemel su bask\u0131nlar\u0131 ve trafik yo\u011funlu\u011funa kar\u015f\u0131 kentin t\u00fcm kritik noktalar\u0131nda ekipler g\u00f6revlendirerek, ula\u015f\u0131m\u0131n g\u00fcvenli \u015fekilde s\u00fcrmesini sa\u011flad\u0131. Ana arterler, alt ge\u00e7itler ve kav\u015faklarda yap\u0131lan anl\u0131k m\u00fcdahalelerle trafik ak\u0131\u015f\u0131 kesintisiz olarak devam etti. \u015eehirleraras\u0131 ula\u015f\u0131m\u0131n olumsuz etkilenmemesi i\u00e7in de gerekli tedbirler al\u0131nd\u0131. \u0130zmir\u2019i \u00e7evre illere ba\u011flayan ana g\u00fczerg\u00e2hlarda ekipler haz\u0131r bekletilirken, ya\u011f\u0131\u015f ve f\u0131rt\u0131naya ra\u011fmen yollar\u0131n a\u00e7\u0131k tutulmas\u0131 i\u00e7in aral\u0131ks\u0131z \u00e7al\u0131\u015fma y\u00fcr\u00fct\u00fcld\u00fc. B\u00f6ylece kentin di\u011fer \u015fehirlerle ba\u011flant\u0131s\u0131n\u0131n kopmamas\u0131 sa\u011fland\u0131.<br \/>\n<br \/>Merkez il\u00e7elerde ya\u011f\u0131\u015f \u015fiddetinin azalmas\u0131yla birlikte g\u00f6llenme ya\u015fanan noktalarda su tahliye \u00e7al\u0131\u015fmalar\u0131 tamamland\u0131. Yap\u0131lan m\u00fcdahalelerin ard\u0131ndan derelerin ak\u0131\u015f\u0131 normale d\u00f6nd\u00fc. Kent genelinde an itibar\u0131yla trafi\u011fe kapal\u0131 ana bir arter bulunmad\u0131\u011f\u0131, riskli noktalarda ise ekiplerin \u00f6nleyici \u00e7al\u0131\u015fmalar\u0131n\u0131 s\u00fcrd\u00fcrd\u00fc\u011f\u00fc bildirildi. Ya\u011f\u0131\u015flarla birlikte Tahtal\u0131 Baraj\u0131\u2019na su ta\u015f\u0131yan Develi \u00c7ay\u0131\u2019n\u0131n yeniden akmaya ba\u015flad\u0131\u011f\u0131, bu durumun havzada y\u00fczeysel ak\u0131\u015f\u0131 art\u0131rd\u0131\u011f\u0131 belirtildi.<\/p>\n<p>Ekipler kritik alanlarda konu\u015fland\u0131r\u0131ld\u0131<br \/>\n<br \/>Ya\u011f\u0131\u015f\u0131n etkili oldu\u011fu saatlerde risk olu\u015fturan noktalar \u00f6nceliklendirilerek, ekipler bu alanlarda yo\u011funla\u015ft\u0131r\u0131ld\u0131. Su birikmesi, trafik aksamalar\u0131 ve ta\u015fk\u0131n riskine kar\u015f\u0131 kritik m\u00fcdahale alanlar\u0131 ba\u015fta olmak \u00fczere kent genelinde anl\u0131k m\u00fcdahaleler ger\u00e7ekle\u015ftirildi. Bu kapsamda ekiplerin yo\u011fun olarak g\u00f6rev ald\u0131\u011f\u0131 noktalar \u015fu \u015fekilde s\u0131raland\u0131:<br \/>\n<br \/>&#8220;Kemeralt\u0131 Havra Soka\u011f\u0131, Uzundere Otoban \u00e7\u0131k\u0131\u015f\u0131, \u0130smail Sivri Bulvar\u0131, K\u0131br\u0131s \u015eehitleri Caddesi, Bornova Kemalpa\u015fa Caddesi, Menderes Maydanos Koyu, Menemen Novada AVM \u00f6n\u00fc (ge\u00e7ici s\u00fcreli trafik d\u00fczenlemesi)&#8221;<br \/>\n<br \/>Belirlenen bu noktalarda yap\u0131lan \u00e7al\u0131\u015fmalarla suyun tahliyesi sa\u011flan\u0131rken, ula\u015f\u0131m\u0131n g\u00fcvenli ve kontroll\u00fc \u015fekilde devam etmesi i\u00e7in gerekli t\u00fcm \u00f6nlemler al\u0131nd\u0131.<\/p>\n<p>\u0130l\u00e7elerde y\u00fcr\u00fct\u00fclen \u00e7al\u0131\u015fmalar<br \/>\n<br \/>Kent genelinde \u00e7ok say\u0131da noktada yol g\u00fcvenli\u011fi ve ula\u015f\u0131m\u0131n sa\u011flanmas\u0131 amac\u0131yla m\u00fcdahaleler ger\u00e7ekle\u015ftirildi. Bornova Kemalpa\u015fa Caddesi No: 263 \u00f6n\u00fcnde olu\u015fan \u00e7ukur nedeniyle g\u00fcvenlik \u00f6nlemleri al\u0131nd\u0131\u011f\u0131, trafik g\u00fcvenli\u011fi a\u00e7\u0131s\u0131ndan da \u00e7al\u0131\u015fmalar\u0131n s\u00fcrd\u00fc\u011f\u00fc bildirildi. Bay\u0131nd\u0131r Zeytinova Mahallesi ula\u015f\u0131m yolunda afete ba\u011fl\u0131 g\u00f6\u00e7\u00fck temizleme \u00e7al\u0131\u015fmalar\u0131 devam ederken, \u00d6demi\u015f Y\u0131lanl\u0131 Mahallesi\u2019nde a\u015f\u0131r\u0131 ya\u011f\u0131\u015flar\u0131n neden oldu\u011fu toprak kaymas\u0131 temizlenerek yolun ula\u015f\u0131ma a\u00e7\u0131ld\u0131\u011f\u0131,  Alia\u011fa \u00c7alt\u0131l\u0131dere Mahallesi\u2019nde mezarl\u0131k alan\u0131na moloz ak\u0131\u015f\u0131n\u0131 \u00f6nlemek i\u00e7in de New Jersey bariyer d\u00f6\u015feme \u00e7al\u0131\u015fmas\u0131n\u0131n tamamland\u0131\u011f\u0131 belirtildi. Urla Barbaros- Kad\u0131ovac\u0131k aras\u0131ndaki ula\u015f\u0131m yolunda olu\u015fan \u00e7ukurlar\u0131n asfalt k\u0131r\u0131\u011f\u0131 ile dolduruldu\u011fu, Urla Bal\u0131kl\u0131ova-Karaburun K\u00fc\u00e7\u00fckbah\u00e7e ula\u015f\u0131m yolunda yakla\u015f\u0131k 600 metrelik \u015farampol temizli\u011fi ve d\u00fczenleme \u00e7al\u0131\u015fmas\u0131 yap\u0131larak, t\u0131kan\u0131kl\u0131klar\u0131n giderildi\u011fi, Dikili \u00c7a\u011flayan Mahallesi ana ula\u015f\u0131m yolunun heyelan riskine kar\u015f\u0131 yap\u0131lan \u00e7al\u0131\u015fman\u0131n ard\u0131ndan yeniden trafi\u011fe a\u00e7\u0131ld\u0131\u011f\u0131 kaydedildi. Alia\u011fa Bozk\u00f6y Mahallesi Adal\u0131 Sokak\u2019ta derin \u00e7ukurlara dolgu \u00e7al\u0131\u015fmas\u0131 yap\u0131larak yol g\u00fcvenli\u011fi sa\u011fland\u0131\u011f\u0131 belirtildi.<\/p>\n<p>Tahtal\u0131 Baraj\u0131\u2019nda s\u0131n\u0131rl\u0131 art\u0131\u015f<br \/>\n<br \/>Son g\u00fcnlerde etkili olan ya\u011f\u0131\u015flar\u0131n ard\u0131ndan Tahtal\u0131 Baraj\u0131\u2019n\u0131n doluluk oran\u0131 y\u00fczde 6,13 seviyesine y\u00fckseldi. Yetkililer, bu art\u0131\u015f\u0131n olumlu olmakla birlikte kentin uzun vadeli su g\u00fcvenli\u011fi a\u00e7\u0131s\u0131ndan yeterli seviyede olmad\u0131\u011f\u0131na, ya\u011f\u0131\u015flar\u0131n baraj havzas\u0131na d\u00fczenli ve s\u00fcrekli \u015fekilde devam etmesinin \u00f6nemine dikkat \u00e7ekti.<br \/><\/p>\n","protected":false},"excerpt":{"rendered":"<p>Meteoroloji\u2019nin turuncu kodlu ya\u011f\u0131\u015f uyar\u0131s\u0131 verdi\u011fi \u0130zmir\u2019de kuvvetli sa\u011fanak kent genelinde etkili oldu. \u0130zmir B\u00fcy\u00fck\u015fehir Belediyesi ekipleri 500 ara\u00e7 ve bin 600 personelle sahada g\u00f6rev yaparken, 153 ve 185 hatlar\u0131na gelen 187 su bask\u0131n\u0131 ihbar\u0131na an\u0131nda m\u00fcdahale edildi. B\u00fcy\u00fck\u015fehir Belediyesi, sa\u011fanak ya\u011f\u0131\u015flara kar\u015f\u0131 kriz masas\u0131 da kurdu. Meteoroloji Genel M\u00fcd\u00fcrl\u00fc\u011f\u00fc taraf\u0131ndan turuncu kodlu kuvvetli ya\u011f\u0131\u015f&#8230;<\/p>\n","protected":false},"author":1,"featured_media":84575,"comment_status":"open","ping_status":"open","sticky":false,"template":"","format":"standard","meta":{"_crdt_document":"","footnotes":""},"categories":[1],"tags":[],"class_list":["post-84574","post","type-post","status-publish","format-standard","has-post-thumbnail","hentry","category-guncel"],"_links":{"self":[{"href":"https:\/\/www.egemtv.com\/index.php?rest_route=\/wp\/v2\/posts\/84574","targetHints":{"allow":["GET"]}}],"collection":[{"href":"https:\/\/www.egemtv.com\/index.php?rest_route=\/wp\/v2\/posts"}],"about":[{"href":"https:\/\/www.egemtv.com\/index.php?rest_route=\/wp\/v2\/types\/post"}],"author":[{"embeddable":true,"href":"https:\/\/www.egemtv.com\/index.php?rest_route=\/wp\/v2\/users\/1"}],"replies":[{"embeddable":true,"href":"https:\/\/www.egemtv.com\/index.php?rest_route=%2Fwp%2Fv2%2Fcomments&post=84574"}],"version-history":[{"count":1,"href":"https:\/\/www.egemtv.com\/index.php?rest_route=\/wp\/v2\/posts\/84574\/revisions"}],"predecessor-version":[{"id":84576,"href":"https:\/\/www.egemtv.com\/index.php?rest_route=\/wp\/v2\/posts\/84574\/revisions\/84576"}],"wp:featuredmedia":[{"embeddable":true,"href":"https:\/\/www.egemtv.com\/index.php?rest_route=\/wp\/v2\/media\/84575"}],"wp:attachment":[{"href":"https:\/\/www.egemtv.com\/index.php?rest_route=%2Fwp%2Fv2%2Fmedia&parent=84574"}],"wp:term":[{"taxonomy":"category","embeddable":true,"href":"https:\/\/www.egemtv.com\/index.php?rest_route=%2Fwp%2Fv2%2Fcategories&post=84574"},{"taxonomy":"post_tag","embeddable":true,"href":"https:\/\/www.egemtv.com\/index.php?rest_route=%2Fwp%2Fv2%2Ftags&post=84574"}],"curies":[{"name":"wp","href":"https:\/\/api.w.org\/{rel}","templated":true}]}}