{"id":84571,"date":"2026-02-01T19:14:41","date_gmt":"2026-02-01T16:14:41","guid":{"rendered":"https:\/\/www.egemtv.com\/?p=84571"},"modified":"2026-02-01T19:14:42","modified_gmt":"2026-02-01T16:14:42","slug":"kutahyaspor-balikesirsporu-2-1-maglup-etti","status":"publish","type":"post","link":"https:\/\/www.egemtv.com\/?p=84571","title":{"rendered":"K\u00fctahyaspor, Bal\u0131kesirspor\u2019u 2-1 ma\u011flup etti"},"content":{"rendered":"<p>TFF 3. Lig 4. Grup\u2019un 19. haftas\u0131nda K\u00fctahyaspor, sahas\u0131nda kar\u015f\u0131la\u015ft\u0131\u011f\u0131 Bal\u0131kesirspor\u2019u 2-1 ma\u011flup etti.<br \/>\n<br \/>TFF 3. Lig 4. Grup\u2019ta m\u00fccadele eden K\u00fctahyaspor, sahas\u0131nda Bal\u0131kesirspor ile kar\u015f\u0131 kar\u015f\u0131ya geldi. K\u00fctahyaspor, 8. dakikada Aykut \u00c7ift\u2019in att\u0131\u011f\u0131 golle 1-0 \u00f6ne ge\u00e7ti. Gol\u00fcn ard\u0131ndan oyuna ba\u015flayan Bal\u0131kesirspor, k\u0131sa s\u00fcre sonra skoru 1-1\u2019e getirdi. K\u00fctahyaspor\u2019un devre aras\u0131nda Bal\u0131kesirspor\u2019dan kadrosuna katt\u0131\u011f\u0131 Bora Y\u0131lmaz, ma\u00e7\u0131n 30. dakikas\u0131nda att\u0131\u011f\u0131 golle tak\u0131m\u0131n\u0131 yeniden \u00f6ne ge\u00e7irdi. Kar\u015f\u0131la\u015fman\u0131n ilk yar\u0131s\u0131 2-1 sona erdi.<\/p>\n<p>\u0130kinci yar\u0131da skor de\u011fi\u015fmedi<br \/>\n<br \/>M\u00fcsabakan\u0131n ikinci yar\u0131s\u0131nda iki tak\u0131m da gol arad\u0131. Bal\u0131kesirspor rakip yar\u0131 sahada etkili olmaya \u00e7al\u0131\u015f\u0131rken, K\u00fctahyaspor kazand\u0131\u011f\u0131 toplarla pozisyon \u00fcretmeye \u00e7al\u0131\u015ft\u0131. Semih, Aykut \u00c7ift ve Ahmet Teker ile f\u0131rsatlar yakalayan K\u00fctahyaspor, bu pozisyonlardan yararlanamad\u0131.<br \/>\n<br \/>Kar\u015f\u0131la\u015fman\u0131n kalan dakikalar\u0131nda ba\u015fka gol olmad\u0131 ve m\u00fccadele 2-1 tamamland\u0131.<br \/>\n<br \/>Bu sonu\u00e7la K\u00fctahyaspor, ligdeki puan\u0131n\u0131 art\u0131r\u0131rken, en yak\u0131n takip\u00e7isi Eski\u015fehirspor ile aras\u0131ndaki 8 puanl\u0131k fark\u0131 korudu.<br \/><\/p>\n","protected":false},"excerpt":{"rendered":"<p>TFF 3. Lig 4. Grup\u2019un 19. haftas\u0131nda K\u00fctahyaspor, sahas\u0131nda kar\u015f\u0131la\u015ft\u0131\u011f\u0131 Bal\u0131kesirspor\u2019u 2-1 ma\u011flup etti. TFF 3. Lig 4. Grup\u2019ta m\u00fccadele eden K\u00fctahyaspor, sahas\u0131nda Bal\u0131kesirspor ile kar\u015f\u0131 kar\u015f\u0131ya geldi. K\u00fctahyaspor, 8. dakikada Aykut \u00c7ift\u2019in att\u0131\u011f\u0131 golle 1-0 \u00f6ne ge\u00e7ti. Gol\u00fcn ard\u0131ndan oyuna ba\u015flayan Bal\u0131kesirspor, k\u0131sa s\u00fcre sonra skoru 1-1\u2019e getirdi. K\u00fctahyaspor\u2019un devre aras\u0131nda Bal\u0131kesirspor\u2019dan kadrosuna katt\u0131\u011f\u0131&#8230;<\/p>\n","protected":false},"author":1,"featured_media":84572,"comment_status":"open","ping_status":"open","sticky":false,"template":"","format":"standard","meta":{"_crdt_document":"","footnotes":""},"categories":[4],"tags":[],"class_list":["post-84571","post","type-post","status-publish","format-standard","has-post-thumbnail","hentry","category-spor"],"_links":{"self":[{"href":"https:\/\/www.egemtv.com\/index.php?rest_route=\/wp\/v2\/posts\/84571","targetHints":{"allow":["GET"]}}],"collection":[{"href":"https:\/\/www.egemtv.com\/index.php?rest_route=\/wp\/v2\/posts"}],"about":[{"href":"https:\/\/www.egemtv.com\/index.php?rest_route=\/wp\/v2\/types\/post"}],"author":[{"embeddable":true,"href":"https:\/\/www.egemtv.com\/index.php?rest_route=\/wp\/v2\/users\/1"}],"replies":[{"embeddable":true,"href":"https:\/\/www.egemtv.com\/index.php?rest_route=%2Fwp%2Fv2%2Fcomments&post=84571"}],"version-history":[{"count":1,"href":"https:\/\/www.egemtv.com\/index.php?rest_route=\/wp\/v2\/posts\/84571\/revisions"}],"predecessor-version":[{"id":84573,"href":"https:\/\/www.egemtv.com\/index.php?rest_route=\/wp\/v2\/posts\/84571\/revisions\/84573"}],"wp:featuredmedia":[{"embeddable":true,"href":"https:\/\/www.egemtv.com\/index.php?rest_route=\/wp\/v2\/media\/84572"}],"wp:attachment":[{"href":"https:\/\/www.egemtv.com\/index.php?rest_route=%2Fwp%2Fv2%2Fmedia&parent=84571"}],"wp:term":[{"taxonomy":"category","embeddable":true,"href":"https:\/\/www.egemtv.com\/index.php?rest_route=%2Fwp%2Fv2%2Fcategories&post=84571"},{"taxonomy":"post_tag","embeddable":true,"href":"https:\/\/www.egemtv.com\/index.php?rest_route=%2Fwp%2Fv2%2Ftags&post=84571"}],"curies":[{"name":"wp","href":"https:\/\/api.w.org\/{rel}","templated":true}]}}