{"id":84565,"date":"2026-02-01T18:55:48","date_gmt":"2026-02-01T15:55:48","guid":{"rendered":"https:\/\/www.egemtv.com\/?p=84565"},"modified":"2026-02-01T18:55:49","modified_gmt":"2026-02-01T15:55:49","slug":"ak-parti-genel-baskan-yardimcisi-yazicidan-yeni-anayasa-vurgusu-millet-kendi-anayasasini-yapmali","status":"publish","type":"post","link":"https:\/\/www.egemtv.com\/?p=84565","title":{"rendered":"AK Parti Genel Ba\u015fkan Yard\u0131mc\u0131s\u0131 Yaz\u0131c\u0131\u2019dan \u2019yeni anayasa\u2019 vurgusu: &#8220;Millet kendi anayasas\u0131n\u0131 yapmal\u0131&#8221;"},"content":{"rendered":"<p>AK Parti Genel Ba\u015fkan Yard\u0131mc\u0131s\u0131 Hayati Yaz\u0131c\u0131, mevcut anayasan\u0131n darbe d\u00f6nemlerinin izlerini ta\u015f\u0131d\u0131\u011f\u0131n\u0131 belirterek, T\u00fcrkiye\u2019nin sivil bir anayasaya ihtiyac\u0131 oldu\u011funu ve milletin kendi anayasas\u0131n\u0131 yapmas\u0131 gerekti\u011fini s\u00f6yledi.<br \/>\n<br \/>AK Parti Genel Ba\u015fkan Yard\u0131mc\u0131s\u0131 Hayati Yaz\u0131c\u0131, Mu\u011fla\u2019da d\u00fczenlenen Geni\u015fletilmi\u015f \u0130l Dan\u0131\u015fman Meclisi Toplant\u0131s\u0131\u2019na kat\u0131ld\u0131. Mu\u011fla S\u0131tk\u0131 Ko\u00e7man \u00dcniversitesi 15 Temmuz Demokrasi Salonu\u2019nda ger\u00e7ekle\u015ftirilen toplant\u0131da konu\u015fan Yaz\u0131c\u0131, anayasa yapma hakk\u0131n\u0131n as\u0131l sahibinin millet oldu\u011funu hat\u0131rlatt\u0131. Meclis duvarlar\u0131nda yer alan &#8220;Egemenlik kay\u0131ts\u0131z \u015farts\u0131z milletindir&#8221; s\u00f6z\u00fcne at\u0131fta bulunan Yaz\u0131c\u0131, milletin bug\u00fcne kadar bu hakk\u0131 tam anlam\u0131yla kullanamad\u0131\u011f\u0131n\u0131 ifade etti. Mevcut anayasa \u00fczerinde yap\u0131lan iyile\u015ftirmelere de\u011finen Yaz\u0131c\u0131, &#8220;B\u00fct\u00fcn bunlara ra\u011fmen bug\u00fcn y\u00fcr\u00fcrl\u00fckte bulunan anayasada ger\u00e7ekle\u015ftirilen 19 de\u011fi\u015fikli\u011fin 12 tanesi bizim iktidar\u0131m\u0131z d\u00f6neminde yap\u0131ld\u0131. En b\u00fcy\u00fck de\u011fi\u015fikli\u011fi 2017 y\u0131l\u0131nda ger\u00e7ekle\u015ftirerek, Cumhurba\u015fkanl\u0131\u011f\u0131 H\u00fck\u00fcmet Sistemi\u2019ni getirdik&#8221; dedi.<br \/>\n<br \/>Yap\u0131lan t\u00fcm de\u011fi\u015fikliklere ra\u011fmen anayasan\u0131n bir b\u00fct\u00fcnl\u00fck arz etmedi\u011fini s\u00f6yleyen Yaz\u0131c\u0131, yeni anayasa hedefinin hem AK Parti\u2019nin kurulu\u015f bildirgesinde hem de muhalefetin vaatlerinde yer ald\u0131\u011f\u0131n\u0131 belirtti. Yaz\u0131c\u0131, &#8220;Talebimiz a\u00e7\u0131k; T\u00fcrkiye yeni bir anayasa yapmal\u0131 ve bu anayasaya millet damgas\u0131n\u0131 vurmal\u0131. Milletimiz, sahip oldu\u011fu anayasa yapma hakk\u0131n\u0131 art\u0131k tam tekmil bir \u015fekilde kullanabilmelidir&#8221; ifadesini kulland\u0131.<br \/><\/p>\n","protected":false},"excerpt":{"rendered":"<p>AK Parti Genel Ba\u015fkan Yard\u0131mc\u0131s\u0131 Hayati Yaz\u0131c\u0131, mevcut anayasan\u0131n darbe d\u00f6nemlerinin izlerini ta\u015f\u0131d\u0131\u011f\u0131n\u0131 belirterek, T\u00fcrkiye\u2019nin sivil bir anayasaya ihtiyac\u0131 oldu\u011funu ve milletin kendi anayasas\u0131n\u0131 yapmas\u0131 gerekti\u011fini s\u00f6yledi. AK Parti Genel Ba\u015fkan Yard\u0131mc\u0131s\u0131 Hayati Yaz\u0131c\u0131, Mu\u011fla\u2019da d\u00fczenlenen Geni\u015fletilmi\u015f \u0130l Dan\u0131\u015fman Meclisi Toplant\u0131s\u0131\u2019na kat\u0131ld\u0131. Mu\u011fla S\u0131tk\u0131 Ko\u00e7man \u00dcniversitesi 15 Temmuz Demokrasi Salonu\u2019nda ger\u00e7ekle\u015ftirilen toplant\u0131da konu\u015fan Yaz\u0131c\u0131, anayasa&#8230;<\/p>\n","protected":false},"author":1,"featured_media":84566,"comment_status":"open","ping_status":"open","sticky":false,"template":"","format":"standard","meta":{"_crdt_document":"","footnotes":""},"categories":[127],"tags":[],"class_list":["post-84565","post","type-post","status-publish","format-standard","has-post-thumbnail","hentry","category-siyaset"],"_links":{"self":[{"href":"https:\/\/www.egemtv.com\/index.php?rest_route=\/wp\/v2\/posts\/84565","targetHints":{"allow":["GET"]}}],"collection":[{"href":"https:\/\/www.egemtv.com\/index.php?rest_route=\/wp\/v2\/posts"}],"about":[{"href":"https:\/\/www.egemtv.com\/index.php?rest_route=\/wp\/v2\/types\/post"}],"author":[{"embeddable":true,"href":"https:\/\/www.egemtv.com\/index.php?rest_route=\/wp\/v2\/users\/1"}],"replies":[{"embeddable":true,"href":"https:\/\/www.egemtv.com\/index.php?rest_route=%2Fwp%2Fv2%2Fcomments&post=84565"}],"version-history":[{"count":1,"href":"https:\/\/www.egemtv.com\/index.php?rest_route=\/wp\/v2\/posts\/84565\/revisions"}],"predecessor-version":[{"id":84567,"href":"https:\/\/www.egemtv.com\/index.php?rest_route=\/wp\/v2\/posts\/84565\/revisions\/84567"}],"wp:featuredmedia":[{"embeddable":true,"href":"https:\/\/www.egemtv.com\/index.php?rest_route=\/wp\/v2\/media\/84566"}],"wp:attachment":[{"href":"https:\/\/www.egemtv.com\/index.php?rest_route=%2Fwp%2Fv2%2Fmedia&parent=84565"}],"wp:term":[{"taxonomy":"category","embeddable":true,"href":"https:\/\/www.egemtv.com\/index.php?rest_route=%2Fwp%2Fv2%2Fcategories&post=84565"},{"taxonomy":"post_tag","embeddable":true,"href":"https:\/\/www.egemtv.com\/index.php?rest_route=%2Fwp%2Fv2%2Ftags&post=84565"}],"curies":[{"name":"wp","href":"https:\/\/api.w.org\/{rel}","templated":true}]}}