{"id":84562,"date":"2026-02-01T17:54:44","date_gmt":"2026-02-01T14:54:44","guid":{"rendered":"https:\/\/www.egemtv.com\/?p=84562"},"modified":"2026-02-01T17:54:45","modified_gmt":"2026-02-01T14:54:45","slug":"cesmede-saganak-yagis-ve-firtina-gunluk-yasami-zorlastirdi","status":"publish","type":"post","link":"https:\/\/www.egemtv.com\/?p=84562","title":{"rendered":"\u00c7e\u015fme\u2019de sa\u011fanak ya\u011f\u0131\u015f ve f\u0131rt\u0131na g\u00fcnl\u00fck ya\u015fam\u0131 zorla\u015ft\u0131rd\u0131"},"content":{"rendered":"<p>\u0130zmir\u2019in \u00c7e\u015fme il\u00e7esinde etkili olan sa\u011fanak ya\u011f\u0131\u015f ve f\u0131rt\u0131na hayat\u0131 olumsuz etkiledi. Ya\u011f\u0131\u015flar nedeniyle il\u00e7edeki derelerde ta\u015fmalar meydana gelirken, cadde ve sokaklar sular alt\u0131nda kald\u0131.<br \/>\n<br \/>\u00c7e\u015fme genelinde g\u00fcn boyu etkisini s\u00fcrd\u00fcren \u015fiddetli ya\u011f\u0131\u015f ve f\u0131rt\u0131nada vatanda\u015flar zor anlar ya\u015fad\u0131. Yollarda olu\u015fan su birikintileri nedeniyle trafikte aksamalar meydana gelirken, ara\u00e7lar ilerlemekte g\u00fc\u00e7l\u00fck \u00e7ekti. \u00d6te yandan, f\u0131rt\u0131nan\u0131n etkisiyle Reisdere Mahallesi\u2019nde bulunan bir binan\u0131n d\u0131\u015f cephesinde hasar olu\u015ftu\u011fu ve ufak \u00e7apl\u0131 \u00e7\u00f6k\u00fcnt\u00fcler meydana geldi\u011fi \u00f6\u011frenildi.<br \/><\/p>\n","protected":false},"excerpt":{"rendered":"<p>\u0130zmir\u2019in \u00c7e\u015fme il\u00e7esinde etkili olan sa\u011fanak ya\u011f\u0131\u015f ve f\u0131rt\u0131na hayat\u0131 olumsuz etkiledi. Ya\u011f\u0131\u015flar nedeniyle il\u00e7edeki derelerde ta\u015fmalar meydana gelirken, cadde ve sokaklar sular alt\u0131nda kald\u0131. \u00c7e\u015fme genelinde g\u00fcn boyu etkisini s\u00fcrd\u00fcren \u015fiddetli ya\u011f\u0131\u015f ve f\u0131rt\u0131nada vatanda\u015flar zor anlar ya\u015fad\u0131. Yollarda olu\u015fan su birikintileri nedeniyle trafikte aksamalar meydana gelirken, ara\u00e7lar ilerlemekte g\u00fc\u00e7l\u00fck \u00e7ekti. \u00d6te yandan, f\u0131rt\u0131nan\u0131n&#8230;<\/p>\n","protected":false},"author":1,"featured_media":84563,"comment_status":"open","ping_status":"open","sticky":false,"template":"","format":"standard","meta":{"_crdt_document":"","footnotes":""},"categories":[5],"tags":[],"class_list":["post-84562","post","type-post","status-publish","format-standard","has-post-thumbnail","hentry","category-asayis"],"_links":{"self":[{"href":"https:\/\/www.egemtv.com\/index.php?rest_route=\/wp\/v2\/posts\/84562","targetHints":{"allow":["GET"]}}],"collection":[{"href":"https:\/\/www.egemtv.com\/index.php?rest_route=\/wp\/v2\/posts"}],"about":[{"href":"https:\/\/www.egemtv.com\/index.php?rest_route=\/wp\/v2\/types\/post"}],"author":[{"embeddable":true,"href":"https:\/\/www.egemtv.com\/index.php?rest_route=\/wp\/v2\/users\/1"}],"replies":[{"embeddable":true,"href":"https:\/\/www.egemtv.com\/index.php?rest_route=%2Fwp%2Fv2%2Fcomments&post=84562"}],"version-history":[{"count":1,"href":"https:\/\/www.egemtv.com\/index.php?rest_route=\/wp\/v2\/posts\/84562\/revisions"}],"predecessor-version":[{"id":84564,"href":"https:\/\/www.egemtv.com\/index.php?rest_route=\/wp\/v2\/posts\/84562\/revisions\/84564"}],"wp:featuredmedia":[{"embeddable":true,"href":"https:\/\/www.egemtv.com\/index.php?rest_route=\/wp\/v2\/media\/84563"}],"wp:attachment":[{"href":"https:\/\/www.egemtv.com\/index.php?rest_route=%2Fwp%2Fv2%2Fmedia&parent=84562"}],"wp:term":[{"taxonomy":"category","embeddable":true,"href":"https:\/\/www.egemtv.com\/index.php?rest_route=%2Fwp%2Fv2%2Fcategories&post=84562"},{"taxonomy":"post_tag","embeddable":true,"href":"https:\/\/www.egemtv.com\/index.php?rest_route=%2Fwp%2Fv2%2Ftags&post=84562"}],"curies":[{"name":"wp","href":"https:\/\/api.w.org\/{rel}","templated":true}]}}