{"id":84559,"date":"2026-02-01T17:35:01","date_gmt":"2026-02-01T14:35:01","guid":{"rendered":"https:\/\/www.egemtv.com\/?p=84559"},"modified":"2026-02-01T17:35:02","modified_gmt":"2026-02-01T14:35:02","slug":"bayindir-nergis-festivali-ziyaretci-akinina-ugradi","status":"publish","type":"post","link":"https:\/\/www.egemtv.com\/?p=84559","title":{"rendered":"Bay\u0131nd\u0131r Nergis Festivali ziyaret\u00e7i ak\u0131n\u0131na u\u011frad\u0131"},"content":{"rendered":"<p>\u0130zmir\u2019in Bay\u0131nd\u0131r il\u00e7esinde bu y\u0131l 5\u2019incisi d\u00fczenlenen Turan Mahallesi Nergis ve Kuru \u00c7i\u00e7ek Festivali, ya\u011f\u0131\u015fl\u0131 havaya ra\u011fmen yo\u011fun kat\u0131l\u0131mla ger\u00e7ekle\u015ftirildi.<br \/>\n<br \/>Olumsuz hava \u015fartlar\u0131 nedeniyle konser ve baz\u0131 etkinlikler iptal edilmesine ra\u011fmen, festival alan\u0131nda kurulan \u00fcretici stantlar\u0131 \u00e7evre il ve il\u00e7elerden gelen ziyaret\u00e7ilerin ak\u0131n\u0131na u\u011frad\u0131. Nergis ve kuru \u00e7i\u00e7ek ba\u015fta olmak \u00fczere y\u00f6resel \u00fcr\u00fcnlerin sergilendi\u011fi stantlar g\u00fcn boyunca vatanda\u015flardan yo\u011fun ilgi g\u00f6rd\u00fc. Ya\u011f\u0131\u015fl\u0131 havaya ra\u011fmen festivale kat\u0131l\u0131m\u0131n y\u00fcksek olmas\u0131 \u00fcreticilerin y\u00fcz\u00fcn\u00fc g\u00fcld\u00fcr\u00fcrken, ziyaret\u00e7iler de festival alan\u0131nda keyifli vakit ge\u00e7irdi. Hava \u015fartlar\u0131 nedeniyle konser ve sahne etkinlikleri iptal edilse de festival, samimi atmosferi ve ziyaret\u00e7i ilgisiyle e\u011flenceli anlara sahne oldu. Festival, b\u00f6lge \u00fcreticilerine ekonomik katk\u0131 sa\u011flarken, Bay\u0131nd\u0131r\u2019\u0131n nergis ve kuru \u00e7i\u00e7ek \u00fcretimindeki \u00f6nemini bir kez daha g\u00f6zler \u00f6n\u00fcne serdi.<br \/><\/p>\n","protected":false},"excerpt":{"rendered":"<p>\u0130zmir\u2019in Bay\u0131nd\u0131r il\u00e7esinde bu y\u0131l 5\u2019incisi d\u00fczenlenen Turan Mahallesi Nergis ve Kuru \u00c7i\u00e7ek Festivali, ya\u011f\u0131\u015fl\u0131 havaya ra\u011fmen yo\u011fun kat\u0131l\u0131mla ger\u00e7ekle\u015ftirildi. Olumsuz hava \u015fartlar\u0131 nedeniyle konser ve baz\u0131 etkinlikler iptal edilmesine ra\u011fmen, festival alan\u0131nda kurulan \u00fcretici stantlar\u0131 \u00e7evre il ve il\u00e7elerden gelen ziyaret\u00e7ilerin ak\u0131n\u0131na u\u011frad\u0131. Nergis ve kuru \u00e7i\u00e7ek ba\u015fta olmak \u00fczere y\u00f6resel \u00fcr\u00fcnlerin sergilendi\u011fi stantlar&#8230;<\/p>\n","protected":false},"author":1,"featured_media":84560,"comment_status":"open","ping_status":"open","sticky":false,"template":"","format":"standard","meta":{"_crdt_document":"","footnotes":""},"categories":[1],"tags":[],"class_list":["post-84559","post","type-post","status-publish","format-standard","has-post-thumbnail","hentry","category-guncel"],"_links":{"self":[{"href":"https:\/\/www.egemtv.com\/index.php?rest_route=\/wp\/v2\/posts\/84559","targetHints":{"allow":["GET"]}}],"collection":[{"href":"https:\/\/www.egemtv.com\/index.php?rest_route=\/wp\/v2\/posts"}],"about":[{"href":"https:\/\/www.egemtv.com\/index.php?rest_route=\/wp\/v2\/types\/post"}],"author":[{"embeddable":true,"href":"https:\/\/www.egemtv.com\/index.php?rest_route=\/wp\/v2\/users\/1"}],"replies":[{"embeddable":true,"href":"https:\/\/www.egemtv.com\/index.php?rest_route=%2Fwp%2Fv2%2Fcomments&post=84559"}],"version-history":[{"count":1,"href":"https:\/\/www.egemtv.com\/index.php?rest_route=\/wp\/v2\/posts\/84559\/revisions"}],"predecessor-version":[{"id":84561,"href":"https:\/\/www.egemtv.com\/index.php?rest_route=\/wp\/v2\/posts\/84559\/revisions\/84561"}],"wp:featuredmedia":[{"embeddable":true,"href":"https:\/\/www.egemtv.com\/index.php?rest_route=\/wp\/v2\/media\/84560"}],"wp:attachment":[{"href":"https:\/\/www.egemtv.com\/index.php?rest_route=%2Fwp%2Fv2%2Fmedia&parent=84559"}],"wp:term":[{"taxonomy":"category","embeddable":true,"href":"https:\/\/www.egemtv.com\/index.php?rest_route=%2Fwp%2Fv2%2Fcategories&post=84559"},{"taxonomy":"post_tag","embeddable":true,"href":"https:\/\/www.egemtv.com\/index.php?rest_route=%2Fwp%2Fv2%2Ftags&post=84559"}],"curies":[{"name":"wp","href":"https:\/\/api.w.org\/{rel}","templated":true}]}}