{"id":84553,"date":"2026-02-01T17:34:59","date_gmt":"2026-02-01T14:34:59","guid":{"rendered":"https:\/\/www.egemtv.com\/?p=84553"},"modified":"2026-02-01T17:35:00","modified_gmt":"2026-02-01T14:35:00","slug":"izmirde-saganak-ve-firtina-caddeler-gole-dondu-zor-anlar-kameraya-yansidi","status":"publish","type":"post","link":"https:\/\/www.egemtv.com\/?p=84553","title":{"rendered":"\u0130zmir\u2019de sa\u011fanak ve f\u0131rt\u0131na: Caddeler g\u00f6le d\u00f6nd\u00fc, zor anlar kameraya yans\u0131d\u0131"},"content":{"rendered":"<p>\u0130zmir\u2019de \u00f6\u011fle saatlerinden itibaren etkili olan sa\u011fanak ya\u011f\u0131\u015f ve f\u0131rt\u0131na hayat\u0131 olumsuz etkiledi. Merkez il\u00e7elerde cadde ve sokaklar g\u00f6le d\u00f6nerken, bir vatanda\u015f\u0131n suyun alt\u0131nda kalan \u00e7ukura d\u00fc\u015ft\u00fc\u011f\u00fc anlar g\u00fcvenlik kameras\u0131na yans\u0131d\u0131.<br \/>\n<br \/>\u0130zmir genelinde aniden bast\u0131ran ve k\u0131sa s\u00fcrede \u015fiddetini art\u0131ran sa\u011fanak ya\u011f\u0131\u015f, \u00f6zellikle merkez il\u00e7elerde etkili oldu. Yo\u011fun ya\u011f\u0131\u015f nedeniyle Konak, Kar\u015f\u0131yaka, Bornova, Bayrakl\u0131 ve Buca il\u00e7elerinde cadde ve sokaklar g\u00f6le d\u00f6nd\u00fc. Kentin bir\u00e7ok b\u00f6lgesinde altyap\u0131 yetersiz kal\u0131rken, r\u00f6garlardan ta\u015fan sular caddeleri kaplad\u0131. Ana arterlerde olu\u015fan su birikintileri nedeniyle trafikte aksamalar meydana geldi. S\u00fcr\u00fcc\u00fcler yollarda ilerlemekte g\u00fc\u00e7l\u00fck \u00e7ekerken, baz\u0131 ara\u00e7lar\u0131n su birikintilerini ge\u00e7mekte zorland\u0131\u011f\u0131 g\u00f6r\u00fcld\u00fc.<\/p>\n<p>Tarihi \u00e7ar\u015f\u0131 ve pazar yerleri suyla doldu<br \/>\n<br \/>Ya\u011f\u0131\u015f, \u00e7ar\u015f\u0131 merkezleri ve kapal\u0131 pazar yerlerinde de su bask\u0131nlar\u0131na neden oldu. \u0130zmir\u2019in simgelerinden Tarihi Kemeralt\u0131 \u00c7ar\u015f\u0131s\u0131\u2019nda r\u00f6garlar\u0131n ta\u015fmas\u0131 sonucu i\u015f yerlerini su bast\u0131. \u00c7ar\u015f\u0131 esnaf\u0131 ve vatanda\u015flar, y\u00fckselen sular nedeniyle zor anlar ya\u015fad\u0131. Ya\u011f\u0131\u015f\u0131n etkisi kent genelinde devam ediyor.<\/p>\n<p>G\u00f6r\u00fcnmez tehlike kameraya yans\u0131d\u0131<br \/>\n<br \/>Ya\u011f\u0131\u015f\u0131n etkisiyle g\u00f6le d\u00f6nen sokaklarda vatanda\u015flar\u0131n ya\u015fad\u0131\u011f\u0131 zor anlar bir i\u015f yerinin g\u00fcvenlik kameras\u0131 taraf\u0131ndan kaydedildi. G\u00f6r\u00fcnt\u00fclerde, sularla kapl\u0131 yolda ilerlemeye \u00e7al\u0131\u015fan bir vatanda\u015f\u0131n, suyun bulan\u0131kl\u0131\u011f\u0131 nedeniyle fark edemedi\u011fi bir \u00e7ukura ad\u0131m atarak d\u00fc\u015ft\u00fc\u011f\u00fc ve suyun i\u00e7inde kald\u0131\u011f\u0131 anlar yer ald\u0131.<br \/><\/p>\n","protected":false},"excerpt":{"rendered":"<p>\u0130zmir\u2019de \u00f6\u011fle saatlerinden itibaren etkili olan sa\u011fanak ya\u011f\u0131\u015f ve f\u0131rt\u0131na hayat\u0131 olumsuz etkiledi. Merkez il\u00e7elerde cadde ve sokaklar g\u00f6le d\u00f6nerken, bir vatanda\u015f\u0131n suyun alt\u0131nda kalan \u00e7ukura d\u00fc\u015ft\u00fc\u011f\u00fc anlar g\u00fcvenlik kameras\u0131na yans\u0131d\u0131. \u0130zmir genelinde aniden bast\u0131ran ve k\u0131sa s\u00fcrede \u015fiddetini art\u0131ran sa\u011fanak ya\u011f\u0131\u015f, \u00f6zellikle merkez il\u00e7elerde etkili oldu. Yo\u011fun ya\u011f\u0131\u015f nedeniyle Konak, Kar\u015f\u0131yaka, Bornova, Bayrakl\u0131 ve&#8230;<\/p>\n","protected":false},"author":1,"featured_media":84554,"comment_status":"open","ping_status":"open","sticky":false,"template":"","format":"standard","meta":{"_crdt_document":"","footnotes":""},"categories":[5],"tags":[],"class_list":["post-84553","post","type-post","status-publish","format-standard","has-post-thumbnail","hentry","category-asayis"],"_links":{"self":[{"href":"https:\/\/www.egemtv.com\/index.php?rest_route=\/wp\/v2\/posts\/84553","targetHints":{"allow":["GET"]}}],"collection":[{"href":"https:\/\/www.egemtv.com\/index.php?rest_route=\/wp\/v2\/posts"}],"about":[{"href":"https:\/\/www.egemtv.com\/index.php?rest_route=\/wp\/v2\/types\/post"}],"author":[{"embeddable":true,"href":"https:\/\/www.egemtv.com\/index.php?rest_route=\/wp\/v2\/users\/1"}],"replies":[{"embeddable":true,"href":"https:\/\/www.egemtv.com\/index.php?rest_route=%2Fwp%2Fv2%2Fcomments&post=84553"}],"version-history":[{"count":1,"href":"https:\/\/www.egemtv.com\/index.php?rest_route=\/wp\/v2\/posts\/84553\/revisions"}],"predecessor-version":[{"id":84555,"href":"https:\/\/www.egemtv.com\/index.php?rest_route=\/wp\/v2\/posts\/84553\/revisions\/84555"}],"wp:featuredmedia":[{"embeddable":true,"href":"https:\/\/www.egemtv.com\/index.php?rest_route=\/wp\/v2\/media\/84554"}],"wp:attachment":[{"href":"https:\/\/www.egemtv.com\/index.php?rest_route=%2Fwp%2Fv2%2Fmedia&parent=84553"}],"wp:term":[{"taxonomy":"category","embeddable":true,"href":"https:\/\/www.egemtv.com\/index.php?rest_route=%2Fwp%2Fv2%2Fcategories&post=84553"},{"taxonomy":"post_tag","embeddable":true,"href":"https:\/\/www.egemtv.com\/index.php?rest_route=%2Fwp%2Fv2%2Ftags&post=84553"}],"curies":[{"name":"wp","href":"https:\/\/api.w.org\/{rel}","templated":true}]}}