{"id":84550,"date":"2026-02-01T17:34:58","date_gmt":"2026-02-01T14:34:58","guid":{"rendered":"https:\/\/www.egemtv.com\/?p=84550"},"modified":"2026-02-01T17:34:59","modified_gmt":"2026-02-01T14:34:59","slug":"marmariste-siddetli-ruzgar-denizi-tasirdi","status":"publish","type":"post","link":"https:\/\/www.egemtv.com\/?p=84550","title":{"rendered":"Marmaris\u2019te \u015fiddetli r\u00fczgar denizi ta\u015f\u0131rd\u0131"},"content":{"rendered":"<p>Mu\u011fla\u2019n\u0131n Marmaris il\u00e7esinde ak\u015fam saatlerinde etkili olan kuvvetli lodosla birlikte olu\u015fan dalgalar sonras\u0131 baz\u0131 i\u015f yerlerini su bast\u0131.<\/p>\n<p>Meteoroloji yetkililerinden a\u00e7\u0131klamas\u0131n\u0131n ard\u0131ndan, Marmaris il\u00e7esinde sahilde r\u00fczgar\u0131n saatteki h\u0131z\u0131 zaman zaman 50 kilometreye ula\u015ft\u0131. K\u0131y\u0131 ve limanlarda y\u00fcksek dalgalara neden olan lodos f\u0131rt\u0131nas\u0131n\u0131n etkisiyle baz\u0131 i\u015fletmelere kadar deniz suyu ula\u015ft\u0131. Sahillerdeki i\u015fletmelerin sandalye, masa ve tentelerinin kuvvetli r\u00fczgardan etkilendi\u011fi g\u00f6r\u00fcld\u00fc. \u0130\u015fletme sahipleri i\u015f yerlerinde temizlik \u00e7al\u0131\u015fmas\u0131 ger\u00e7ekle\u015ftirdi. Marmaris\u2019te kuvvetli r\u00fczgar\u0131n yar\u0131n sabah saatlerine kadar aral\u0131klarla s\u00fcrmesi bekleniyor.<br \/><\/p>\n","protected":false},"excerpt":{"rendered":"<p>Mu\u011fla\u2019n\u0131n Marmaris il\u00e7esinde ak\u015fam saatlerinde etkili olan kuvvetli lodosla birlikte olu\u015fan dalgalar sonras\u0131 baz\u0131 i\u015f yerlerini su bast\u0131. Meteoroloji yetkililerinden a\u00e7\u0131klamas\u0131n\u0131n ard\u0131ndan, Marmaris il\u00e7esinde sahilde r\u00fczgar\u0131n saatteki h\u0131z\u0131 zaman zaman 50 kilometreye ula\u015ft\u0131. K\u0131y\u0131 ve limanlarda y\u00fcksek dalgalara neden olan lodos f\u0131rt\u0131nas\u0131n\u0131n etkisiyle baz\u0131 i\u015fletmelere kadar deniz suyu ula\u015ft\u0131. Sahillerdeki i\u015fletmelerin sandalye, masa ve tentelerinin&#8230;<\/p>\n","protected":false},"author":1,"featured_media":84551,"comment_status":"open","ping_status":"open","sticky":false,"template":"","format":"standard","meta":{"_crdt_document":"","footnotes":""},"categories":[1],"tags":[],"class_list":["post-84550","post","type-post","status-publish","format-standard","has-post-thumbnail","hentry","category-guncel"],"_links":{"self":[{"href":"https:\/\/www.egemtv.com\/index.php?rest_route=\/wp\/v2\/posts\/84550","targetHints":{"allow":["GET"]}}],"collection":[{"href":"https:\/\/www.egemtv.com\/index.php?rest_route=\/wp\/v2\/posts"}],"about":[{"href":"https:\/\/www.egemtv.com\/index.php?rest_route=\/wp\/v2\/types\/post"}],"author":[{"embeddable":true,"href":"https:\/\/www.egemtv.com\/index.php?rest_route=\/wp\/v2\/users\/1"}],"replies":[{"embeddable":true,"href":"https:\/\/www.egemtv.com\/index.php?rest_route=%2Fwp%2Fv2%2Fcomments&post=84550"}],"version-history":[{"count":1,"href":"https:\/\/www.egemtv.com\/index.php?rest_route=\/wp\/v2\/posts\/84550\/revisions"}],"predecessor-version":[{"id":84552,"href":"https:\/\/www.egemtv.com\/index.php?rest_route=\/wp\/v2\/posts\/84550\/revisions\/84552"}],"wp:featuredmedia":[{"embeddable":true,"href":"https:\/\/www.egemtv.com\/index.php?rest_route=\/wp\/v2\/media\/84551"}],"wp:attachment":[{"href":"https:\/\/www.egemtv.com\/index.php?rest_route=%2Fwp%2Fv2%2Fmedia&parent=84550"}],"wp:term":[{"taxonomy":"category","embeddable":true,"href":"https:\/\/www.egemtv.com\/index.php?rest_route=%2Fwp%2Fv2%2Fcategories&post=84550"},{"taxonomy":"post_tag","embeddable":true,"href":"https:\/\/www.egemtv.com\/index.php?rest_route=%2Fwp%2Fv2%2Ftags&post=84550"}],"curies":[{"name":"wp","href":"https:\/\/api.w.org\/{rel}","templated":true}]}}