{"id":84547,"date":"2026-02-01T17:14:34","date_gmt":"2026-02-01T14:14:34","guid":{"rendered":"https:\/\/www.egemtv.com\/?p=84547"},"modified":"2026-02-01T17:14:35","modified_gmt":"2026-02-01T14:14:35","slug":"dev-kayalar-yola-dustu-ulasim-durma-noktasina-geldi","status":"publish","type":"post","link":"https:\/\/www.egemtv.com\/?p=84547","title":{"rendered":"Dev kayalar yola d\u00fc\u015ft\u00fc, ula\u015f\u0131m durma noktas\u0131na geldi"},"content":{"rendered":"<p>Isparta-Antalya kara yolunda, heyelan nedeniyle dev kayalar yola d\u00fc\u015ferken yol tamamen kapand\u0131. Yolda kalan vatanda\u015flar ise kendi imkanlar\u0131 ile yolu a\u00e7maya \u00e7al\u0131\u015ft\u0131.<br \/>\n<br \/>Olay, saat 16.00 s\u0131ralar\u0131nda Isparta Antalya kara yolunda meydana geldi. Edinilen bilgilere g\u00f6re, b\u00f6lgede etkili olan \u015fiddetli ya\u011f\u0131\u015flar\u0131n ard\u0131ndan da\u011fdan kopan b\u00fcy\u00fck kaya par\u00e7alar\u0131 kara yoluna s\u00fcr\u00fcklendi. Heyelan nedeniyle yol trafi\u011fe kapan\u0131rken, s\u00fcr\u00fcc\u00fcler ve yol \u00fczerinde bulunan vatanda\u015flar kendi imkanlar\u0131yla kayalar\u0131 yoldan kald\u0131rmaya \u00e7al\u0131\u015ft\u0131. S\u00fcr\u00fcc\u00fclerin yard\u0131mla\u015fmas\u0131 sonucu yol, tek \u015ferit halinde kontroll\u00fc olarak k\u0131smen ula\u015f\u0131ma a\u00e7\u0131ld\u0131. Ekipler taraf\u0131ndan \u00e7al\u0131\u015fma ba\u015flat\u0131ld\u0131\u011f\u0131 \u00f6\u011frenilirken yoldaki kayalar\u0131n kald\u0131r\u0131lmas\u0131n\u0131n ard\u0131ndan yolun trafi\u011fe tamamen a\u00e7\u0131laca\u011f\u0131 belirtildi.<br \/><\/p>\n","protected":false},"excerpt":{"rendered":"<p>Isparta-Antalya kara yolunda, heyelan nedeniyle dev kayalar yola d\u00fc\u015ferken yol tamamen kapand\u0131. Yolda kalan vatanda\u015flar ise kendi imkanlar\u0131 ile yolu a\u00e7maya \u00e7al\u0131\u015ft\u0131. Olay, saat 16.00 s\u0131ralar\u0131nda Isparta Antalya kara yolunda meydana geldi. Edinilen bilgilere g\u00f6re, b\u00f6lgede etkili olan \u015fiddetli ya\u011f\u0131\u015flar\u0131n ard\u0131ndan da\u011fdan kopan b\u00fcy\u00fck kaya par\u00e7alar\u0131 kara yoluna s\u00fcr\u00fcklendi. Heyelan nedeniyle yol trafi\u011fe kapan\u0131rken, s\u00fcr\u00fcc\u00fcler&#8230;<\/p>\n","protected":false},"author":1,"featured_media":84548,"comment_status":"open","ping_status":"open","sticky":false,"template":"","format":"standard","meta":{"_crdt_document":"","footnotes":""},"categories":[5],"tags":[],"class_list":["post-84547","post","type-post","status-publish","format-standard","has-post-thumbnail","hentry","category-asayis"],"_links":{"self":[{"href":"https:\/\/www.egemtv.com\/index.php?rest_route=\/wp\/v2\/posts\/84547","targetHints":{"allow":["GET"]}}],"collection":[{"href":"https:\/\/www.egemtv.com\/index.php?rest_route=\/wp\/v2\/posts"}],"about":[{"href":"https:\/\/www.egemtv.com\/index.php?rest_route=\/wp\/v2\/types\/post"}],"author":[{"embeddable":true,"href":"https:\/\/www.egemtv.com\/index.php?rest_route=\/wp\/v2\/users\/1"}],"replies":[{"embeddable":true,"href":"https:\/\/www.egemtv.com\/index.php?rest_route=%2Fwp%2Fv2%2Fcomments&post=84547"}],"version-history":[{"count":1,"href":"https:\/\/www.egemtv.com\/index.php?rest_route=\/wp\/v2\/posts\/84547\/revisions"}],"predecessor-version":[{"id":84549,"href":"https:\/\/www.egemtv.com\/index.php?rest_route=\/wp\/v2\/posts\/84547\/revisions\/84549"}],"wp:featuredmedia":[{"embeddable":true,"href":"https:\/\/www.egemtv.com\/index.php?rest_route=\/wp\/v2\/media\/84548"}],"wp:attachment":[{"href":"https:\/\/www.egemtv.com\/index.php?rest_route=%2Fwp%2Fv2%2Fmedia&parent=84547"}],"wp:term":[{"taxonomy":"category","embeddable":true,"href":"https:\/\/www.egemtv.com\/index.php?rest_route=%2Fwp%2Fv2%2Fcategories&post=84547"},{"taxonomy":"post_tag","embeddable":true,"href":"https:\/\/www.egemtv.com\/index.php?rest_route=%2Fwp%2Fv2%2Ftags&post=84547"}],"curies":[{"name":"wp","href":"https:\/\/api.w.org\/{rel}","templated":true}]}}