{"id":84544,"date":"2026-02-01T16:54:37","date_gmt":"2026-02-01T13:54:37","guid":{"rendered":"https:\/\/www.egemtv.com\/?p=84544"},"modified":"2026-02-01T16:54:38","modified_gmt":"2026-02-01T13:54:38","slug":"manisada-saganak-yagis-etkili-oluyor","status":"publish","type":"post","link":"https:\/\/www.egemtv.com\/?p=84544","title":{"rendered":"Manisa\u2019da sa\u011fanak ya\u011f\u0131\u015f etkili oluyor"},"content":{"rendered":"<p>\u00d6\u011fleden sonra ba\u015flayan kuvvetli sa\u011fanak, Manisa\u2019da cadde ve sokaklar\u0131 g\u00f6le \u00e7evirirken, B\u00fcy\u00fck\u015fehir Belediyesi ve MASK\u0130 ekipleri muhtemel su bask\u0131nlar\u0131na kar\u015f\u0131 sahaya inerek vatanda\u015flar\u0131n ma\u011fduriyet ya\u015famas\u0131n\u0131 \u00f6nledi.<br \/>\n<br \/>Manisa\u2019da saat 14.00 s\u0131ralar\u0131nda ba\u015flayan sa\u011fanak ya\u011fmur sonras\u0131 kent genelinde yer yer cadde ve sokaklar suyla doldu. Manisa B\u00fcy\u00fck\u015fehir Belediyesi ve MASK\u0130 ekipleri, ya\u015fanabilecek olumsuzluklara kar\u015f\u0131 an\u0131nda m\u00fcdahalede bulunarak vatanda\u015flar\u0131n ma\u011fduriyet ya\u015famas\u0131n\u0131n \u00f6n\u00fcne ge\u00e7ti.<br \/>\n<br \/>Aral\u0131ks\u0131z devam eden ya\u011f\u0131\u015flarla birlikte kent merkezinden ge\u00e7en \u00e7ok say\u0131da kurumu\u015f derenin de suyla dolmas\u0131, uzun s\u00fcredir su s\u0131k\u0131nt\u0131s\u0131 ya\u015fayan \u015fehirde umut oldu.<br \/>\n<br \/>Yetkililerden al\u0131nan bilgiye g\u00f6re ya\u011f\u0131\u015flar\u0131n gece boyunca ve Pazartesi g\u00fcn\u00fc de etkisini s\u00fcrd\u00fcrmesi bekleniyor. Vatanda\u015flar\u0131n herhangi bir olumsuzluk ya\u015famamas\u0131 ad\u0131na B\u00fcy\u00fck\u015fehir ve MASK\u0130 ekiplerinin gece boyunca da teyakkuz halinde olaca\u011f\u0131 \u00f6\u011frenildi.<br \/><\/p>\n","protected":false},"excerpt":{"rendered":"<p>\u00d6\u011fleden sonra ba\u015flayan kuvvetli sa\u011fanak, Manisa\u2019da cadde ve sokaklar\u0131 g\u00f6le \u00e7evirirken, B\u00fcy\u00fck\u015fehir Belediyesi ve MASK\u0130 ekipleri muhtemel su bask\u0131nlar\u0131na kar\u015f\u0131 sahaya inerek vatanda\u015flar\u0131n ma\u011fduriyet ya\u015famas\u0131n\u0131 \u00f6nledi. Manisa\u2019da saat 14.00 s\u0131ralar\u0131nda ba\u015flayan sa\u011fanak ya\u011fmur sonras\u0131 kent genelinde yer yer cadde ve sokaklar suyla doldu. Manisa B\u00fcy\u00fck\u015fehir Belediyesi ve MASK\u0130 ekipleri, ya\u015fanabilecek olumsuzluklara kar\u015f\u0131 an\u0131nda m\u00fcdahalede bulunarak&#8230;<\/p>\n","protected":false},"author":1,"featured_media":84545,"comment_status":"open","ping_status":"open","sticky":false,"template":"","format":"standard","meta":{"_crdt_document":"","footnotes":""},"categories":[1],"tags":[],"class_list":["post-84544","post","type-post","status-publish","format-standard","has-post-thumbnail","hentry","category-guncel"],"_links":{"self":[{"href":"https:\/\/www.egemtv.com\/index.php?rest_route=\/wp\/v2\/posts\/84544","targetHints":{"allow":["GET"]}}],"collection":[{"href":"https:\/\/www.egemtv.com\/index.php?rest_route=\/wp\/v2\/posts"}],"about":[{"href":"https:\/\/www.egemtv.com\/index.php?rest_route=\/wp\/v2\/types\/post"}],"author":[{"embeddable":true,"href":"https:\/\/www.egemtv.com\/index.php?rest_route=\/wp\/v2\/users\/1"}],"replies":[{"embeddable":true,"href":"https:\/\/www.egemtv.com\/index.php?rest_route=%2Fwp%2Fv2%2Fcomments&post=84544"}],"version-history":[{"count":1,"href":"https:\/\/www.egemtv.com\/index.php?rest_route=\/wp\/v2\/posts\/84544\/revisions"}],"predecessor-version":[{"id":84546,"href":"https:\/\/www.egemtv.com\/index.php?rest_route=\/wp\/v2\/posts\/84544\/revisions\/84546"}],"wp:featuredmedia":[{"embeddable":true,"href":"https:\/\/www.egemtv.com\/index.php?rest_route=\/wp\/v2\/media\/84545"}],"wp:attachment":[{"href":"https:\/\/www.egemtv.com\/index.php?rest_route=%2Fwp%2Fv2%2Fmedia&parent=84544"}],"wp:term":[{"taxonomy":"category","embeddable":true,"href":"https:\/\/www.egemtv.com\/index.php?rest_route=%2Fwp%2Fv2%2Fcategories&post=84544"},{"taxonomy":"post_tag","embeddable":true,"href":"https:\/\/www.egemtv.com\/index.php?rest_route=%2Fwp%2Fv2%2Ftags&post=84544"}],"curies":[{"name":"wp","href":"https:\/\/api.w.org\/{rel}","templated":true}]}}