{"id":84541,"date":"2026-02-01T16:34:45","date_gmt":"2026-02-01T13:34:45","guid":{"rendered":"https:\/\/www.egemtv.com\/?p=84541"},"modified":"2026-02-01T16:34:47","modified_gmt":"2026-02-01T13:34:47","slug":"kahvehane-camina-carpan-baykus-rehabilitasyona-alindi","status":"publish","type":"post","link":"https:\/\/www.egemtv.com\/?p=84541","title":{"rendered":"Kahvehane cam\u0131na \u00e7arpan bayku\u015f rehabilitasyona al\u0131nd\u0131"},"content":{"rendered":"<p>Ayd\u0131n\u2019\u0131n Germencik il\u00e7esinde bir kahvehanenin cam\u0131na \u00e7arparak sersemleyen bayku\u015f, mahalle muhtar\u0131n\u0131n dikkati ve belediye ekiplerinin h\u0131zl\u0131 m\u00fcdahalesiyle kurtar\u0131larak rehabilitasyon merkezine g\u00f6t\u00fcr\u00fcld\u00fc.<\/p>\n<p>Germencik il\u00e7esi Me\u015feli Mahalesi\u2019nde bulunan bir kahvehanenin cam\u0131na \u00e7arpan bayku\u015f, sersemleyerek yere d\u00fc\u015ft\u00fc. Gelen ses \u00fczerine b\u00f6lgeyi kontrol eden mahalle muhtar\u0131 B\u00fclent Yavuz, bayku\u015fun hareketsiz \u015fekilde yerde durdu\u011funu fark etti. Odunlar\u0131n aras\u0131nda kalan bayku\u015fu kurtaran muhtar Yavuz, daha sonra Belediye Ba\u015fkan\u0131 Burak Zencirci\u2019yi arayarak yard\u0131m istedi. Ba\u015fkan Zencirci\u2019nin talimat\u0131 \u00fczerine b\u00f6lgeye giden belediye ekipleri, bayku\u015fu teslim ald\u0131. \u0130lk incelemelere g\u00f6re yaral\u0131 olmad\u0131\u011f\u0131 teslim edilen bayku\u015f, gerekli kontrollerin yap\u0131lmas\u0131 i\u00e7in Germencik Belediyesi Hayvan Bak\u0131m ve Reahabilitasyon Merkezi\u2019ne g\u00f6t\u00fcr\u00fcld\u00fc. Bayku\u015f, gerekli kontrollerin ard\u0131ndan tekrar do\u011faya sal\u0131nacak. Me\u015feli Mahalle Muhtar\u0131 B\u00fclent Yavuz, Germencik Belediye Ba\u015fkan\u0131 Burak Zencirci\u2019ye duyarl\u0131l\u0131\u011f\u0131ndan dolay\u0131 te\u015fekk\u00fcr etti.<br \/><\/p>\n","protected":false},"excerpt":{"rendered":"<p>Ayd\u0131n\u2019\u0131n Germencik il\u00e7esinde bir kahvehanenin cam\u0131na \u00e7arparak sersemleyen bayku\u015f, mahalle muhtar\u0131n\u0131n dikkati ve belediye ekiplerinin h\u0131zl\u0131 m\u00fcdahalesiyle kurtar\u0131larak rehabilitasyon merkezine g\u00f6t\u00fcr\u00fcld\u00fc. Germencik il\u00e7esi Me\u015feli Mahalesi\u2019nde bulunan bir kahvehanenin cam\u0131na \u00e7arpan bayku\u015f, sersemleyerek yere d\u00fc\u015ft\u00fc. Gelen ses \u00fczerine b\u00f6lgeyi kontrol eden mahalle muhtar\u0131 B\u00fclent Yavuz, bayku\u015fun hareketsiz \u015fekilde yerde durdu\u011funu fark etti. Odunlar\u0131n aras\u0131nda kalan bayku\u015fu&#8230;<\/p>\n","protected":false},"author":1,"featured_media":84542,"comment_status":"open","ping_status":"open","sticky":false,"template":"","format":"standard","meta":{"_crdt_document":"","footnotes":""},"categories":[1],"tags":[],"class_list":["post-84541","post","type-post","status-publish","format-standard","has-post-thumbnail","hentry","category-guncel"],"_links":{"self":[{"href":"https:\/\/www.egemtv.com\/index.php?rest_route=\/wp\/v2\/posts\/84541","targetHints":{"allow":["GET"]}}],"collection":[{"href":"https:\/\/www.egemtv.com\/index.php?rest_route=\/wp\/v2\/posts"}],"about":[{"href":"https:\/\/www.egemtv.com\/index.php?rest_route=\/wp\/v2\/types\/post"}],"author":[{"embeddable":true,"href":"https:\/\/www.egemtv.com\/index.php?rest_route=\/wp\/v2\/users\/1"}],"replies":[{"embeddable":true,"href":"https:\/\/www.egemtv.com\/index.php?rest_route=%2Fwp%2Fv2%2Fcomments&post=84541"}],"version-history":[{"count":1,"href":"https:\/\/www.egemtv.com\/index.php?rest_route=\/wp\/v2\/posts\/84541\/revisions"}],"predecessor-version":[{"id":84543,"href":"https:\/\/www.egemtv.com\/index.php?rest_route=\/wp\/v2\/posts\/84541\/revisions\/84543"}],"wp:featuredmedia":[{"embeddable":true,"href":"https:\/\/www.egemtv.com\/index.php?rest_route=\/wp\/v2\/media\/84542"}],"wp:attachment":[{"href":"https:\/\/www.egemtv.com\/index.php?rest_route=%2Fwp%2Fv2%2Fmedia&parent=84541"}],"wp:term":[{"taxonomy":"category","embeddable":true,"href":"https:\/\/www.egemtv.com\/index.php?rest_route=%2Fwp%2Fv2%2Fcategories&post=84541"},{"taxonomy":"post_tag","embeddable":true,"href":"https:\/\/www.egemtv.com\/index.php?rest_route=%2Fwp%2Fv2%2Ftags&post=84541"}],"curies":[{"name":"wp","href":"https:\/\/api.w.org\/{rel}","templated":true}]}}