{"id":84538,"date":"2026-02-01T16:34:44","date_gmt":"2026-02-01T13:34:44","guid":{"rendered":"https:\/\/www.egemtv.com\/?p=84538"},"modified":"2026-02-01T16:34:45","modified_gmt":"2026-02-01T13:34:45","slug":"bodrumda-korku-dolu-anlar-8-tekne-kiyiya-suruklendi","status":"publish","type":"post","link":"https:\/\/www.egemtv.com\/?p=84538","title":{"rendered":"Bodrum\u2019da korku dolu anlar: 8 tekne k\u0131y\u0131ya s\u00fcr\u00fcklendi"},"content":{"rendered":"<p>Mu\u011fla\u2019n\u0131n Bodrum il\u00e7esinde etkili olan f\u0131rt\u0131na nedeniyle koyda demirli toplam 8 tekne k\u0131y\u0131ya s\u00fcr\u00fcklendi. Teknelerin \u00e7arp\u0131\u015ft\u0131\u011f\u0131 anda ya\u015fanan panik anlar\u0131 kameralara yans\u0131d\u0131.<br \/>\n<br \/>Meteoroloji\u2019nin f\u0131rt\u0131na uyar\u0131s\u0131nda bulundu\u011fu Mu\u011fla\u2019n\u0131n Bodrum il\u00e7esinde beklenen f\u0131rt\u0131na sabah saatlerinde ba\u015flad\u0131. F\u0131rt\u0131na sebebiyle G\u00fcmbet Koyu\u2019nda demirli tekneler k\u0131y\u0131ya s\u00fcr\u00fcklendi. \u0130lk olarak bir motoryat ile katamaran tipi yelkenli k\u0131y\u0131ya s\u00fcr\u00fcklendi. Tekneler, daha fazla hasar almamas\u0131 i\u00e7in karaya ba\u011flanarak sabitlendi.<br \/>\n<br \/>Bir s\u00fcre sonra bir motoryat ile bir yelkenli daha s\u00fcr\u00fcklenip k\u0131y\u0131daki teknelerin \u00fczerine do\u011fru gitti. O s\u0131rada k\u0131y\u0131daki teknede bulunanlar panik ya\u015fad\u0131. S\u00fcr\u00fcklenen tekneler de karaya vurup birbirine \u00e7arpt\u0131. Denizcilerin teknelerinin hasar almas\u0131n\u0131 \u00f6nlemek i\u00e7in verdi\u011fi \u00e7aba kameralara yans\u0131d\u0131.<br \/>\n<br \/>Koyda demirli yakla\u015f\u0131k 20 metre boyundaki ba\u015fka bir motoryat\u0131n da 50 metre a\u00e7\u0131kta karaya oturdu\u011fu g\u00f6r\u00fcld\u00fc. G\u00fcmbet Koyu\u2019nda ayr\u0131ca 5 metrelik iki sandal\u0131n su ald\u0131\u011f\u0131, bir \u015fi\u015fme botun k\u0131y\u0131ya s\u00fcr\u00fcklendi\u011fi g\u00f6zlendi. G\u00fcmbet\u2019te b\u00f6ylece toplam 8 deniz arac\u0131 k\u0131y\u0131ya vurdu.<br \/><\/p>\n","protected":false},"excerpt":{"rendered":"<p>Mu\u011fla\u2019n\u0131n Bodrum il\u00e7esinde etkili olan f\u0131rt\u0131na nedeniyle koyda demirli toplam 8 tekne k\u0131y\u0131ya s\u00fcr\u00fcklendi. Teknelerin \u00e7arp\u0131\u015ft\u0131\u011f\u0131 anda ya\u015fanan panik anlar\u0131 kameralara yans\u0131d\u0131. Meteoroloji\u2019nin f\u0131rt\u0131na uyar\u0131s\u0131nda bulundu\u011fu Mu\u011fla\u2019n\u0131n Bodrum il\u00e7esinde beklenen f\u0131rt\u0131na sabah saatlerinde ba\u015flad\u0131. F\u0131rt\u0131na sebebiyle G\u00fcmbet Koyu\u2019nda demirli tekneler k\u0131y\u0131ya s\u00fcr\u00fcklendi. \u0130lk olarak bir motoryat ile katamaran tipi yelkenli k\u0131y\u0131ya s\u00fcr\u00fcklendi. Tekneler, daha fazla&#8230;<\/p>\n","protected":false},"author":1,"featured_media":84539,"comment_status":"open","ping_status":"open","sticky":false,"template":"","format":"standard","meta":{"_crdt_document":"","footnotes":""},"categories":[5],"tags":[],"class_list":["post-84538","post","type-post","status-publish","format-standard","has-post-thumbnail","hentry","category-asayis"],"_links":{"self":[{"href":"https:\/\/www.egemtv.com\/index.php?rest_route=\/wp\/v2\/posts\/84538","targetHints":{"allow":["GET"]}}],"collection":[{"href":"https:\/\/www.egemtv.com\/index.php?rest_route=\/wp\/v2\/posts"}],"about":[{"href":"https:\/\/www.egemtv.com\/index.php?rest_route=\/wp\/v2\/types\/post"}],"author":[{"embeddable":true,"href":"https:\/\/www.egemtv.com\/index.php?rest_route=\/wp\/v2\/users\/1"}],"replies":[{"embeddable":true,"href":"https:\/\/www.egemtv.com\/index.php?rest_route=%2Fwp%2Fv2%2Fcomments&post=84538"}],"version-history":[{"count":1,"href":"https:\/\/www.egemtv.com\/index.php?rest_route=\/wp\/v2\/posts\/84538\/revisions"}],"predecessor-version":[{"id":84540,"href":"https:\/\/www.egemtv.com\/index.php?rest_route=\/wp\/v2\/posts\/84538\/revisions\/84540"}],"wp:featuredmedia":[{"embeddable":true,"href":"https:\/\/www.egemtv.com\/index.php?rest_route=\/wp\/v2\/media\/84539"}],"wp:attachment":[{"href":"https:\/\/www.egemtv.com\/index.php?rest_route=%2Fwp%2Fv2%2Fmedia&parent=84538"}],"wp:term":[{"taxonomy":"category","embeddable":true,"href":"https:\/\/www.egemtv.com\/index.php?rest_route=%2Fwp%2Fv2%2Fcategories&post=84538"},{"taxonomy":"post_tag","embeddable":true,"href":"https:\/\/www.egemtv.com\/index.php?rest_route=%2Fwp%2Fv2%2Ftags&post=84538"}],"curies":[{"name":"wp","href":"https:\/\/api.w.org\/{rel}","templated":true}]}}