{"id":84535,"date":"2026-02-01T16:14:35","date_gmt":"2026-02-01T13:14:35","guid":{"rendered":"https:\/\/www.egemtv.com\/?p=84535"},"modified":"2026-02-01T16:14:36","modified_gmt":"2026-02-01T13:14:36","slug":"koycegiz-kaymakamligi-kan-bagisi-kampanyasina-davet-etti","status":"publish","type":"post","link":"https:\/\/www.egemtv.com\/?p=84535","title":{"rendered":"K\u00f6yce\u011fiz Kaymakaml\u0131\u011f\u0131 kan ba\u011f\u0131\u015f\u0131 kampanyas\u0131na davet etti"},"content":{"rendered":"<p>Mu\u011fla\u2019n\u0131n K\u00f6yce\u011fiz il\u00e7esinde \u2018Kan Ver, Hayat Kurtar!\u2019 mottosuyla kan ba\u011f\u0131\u015f\u0131 kampanyas\u0131 d\u00fczenlendi.<\/p>\n<p>K\u00f6yce\u011fiz Kaymakaml\u0131\u011f\u0131 ve T\u00fcrk K\u0131z\u0131lay\u2019\u0131 i\u015f birli\u011fiyle d\u00fczenlenen kan ba\u011f\u0131\u015f\u0131 kampanyas\u0131 2 \u015eubat 2026 tarihinde Pazartesi g\u00fcn\u00fc saat 09.30-18.00\u2019da Cumhuriyet Meydan\u0131-\u00d6\u011fretmenevi \u00d6n\u00fc\u2019nde ger\u00e7ekle\u015ftirilecek. K\u00f6yce\u011fiz Kaymakaml\u0131\u011f\u0131 ve T\u00fcrk K\u0131z\u0131lay\u2019\u0131 i\u015f birli\u011fiyle d\u00fczenlenen Kan Ba\u011f\u0131\u015f\u0131 Kampanyas\u0131na; \u2018Bir \u00fcnite kan, birden fazla hayata umut olur. Sa\u011fl\u0131\u011f\u0131n\u0131z uygunsa siz de bu iyilik hareketine kat\u0131l\u0131n\u2019 mottosuyla t\u00fcm vatanda\u015flar davet edildi.<\/p>\n","protected":false},"excerpt":{"rendered":"<p>Mu\u011fla\u2019n\u0131n K\u00f6yce\u011fiz il\u00e7esinde \u2018Kan Ver, Hayat Kurtar!\u2019 mottosuyla kan ba\u011f\u0131\u015f\u0131 kampanyas\u0131 d\u00fczenlendi. K\u00f6yce\u011fiz Kaymakaml\u0131\u011f\u0131 ve T\u00fcrk K\u0131z\u0131lay\u2019\u0131 i\u015f birli\u011fiyle d\u00fczenlenen kan ba\u011f\u0131\u015f\u0131 kampanyas\u0131 2 \u015eubat 2026 tarihinde Pazartesi g\u00fcn\u00fc saat 09.30-18.00\u2019da Cumhuriyet Meydan\u0131-\u00d6\u011fretmenevi \u00d6n\u00fc\u2019nde ger\u00e7ekle\u015ftirilecek. K\u00f6yce\u011fiz Kaymakaml\u0131\u011f\u0131 ve T\u00fcrk K\u0131z\u0131lay\u2019\u0131 i\u015f birli\u011fiyle d\u00fczenlenen Kan Ba\u011f\u0131\u015f\u0131 Kampanyas\u0131na; \u2018Bir \u00fcnite kan, birden fazla hayata umut olur. Sa\u011fl\u0131\u011f\u0131n\u0131z&#8230;<\/p>\n","protected":false},"author":1,"featured_media":84536,"comment_status":"open","ping_status":"open","sticky":false,"template":"","format":"standard","meta":{"_crdt_document":"","footnotes":""},"categories":[2],"tags":[],"class_list":["post-84535","post","type-post","status-publish","format-standard","has-post-thumbnail","hentry","category-saglik"],"_links":{"self":[{"href":"https:\/\/www.egemtv.com\/index.php?rest_route=\/wp\/v2\/posts\/84535","targetHints":{"allow":["GET"]}}],"collection":[{"href":"https:\/\/www.egemtv.com\/index.php?rest_route=\/wp\/v2\/posts"}],"about":[{"href":"https:\/\/www.egemtv.com\/index.php?rest_route=\/wp\/v2\/types\/post"}],"author":[{"embeddable":true,"href":"https:\/\/www.egemtv.com\/index.php?rest_route=\/wp\/v2\/users\/1"}],"replies":[{"embeddable":true,"href":"https:\/\/www.egemtv.com\/index.php?rest_route=%2Fwp%2Fv2%2Fcomments&post=84535"}],"version-history":[{"count":1,"href":"https:\/\/www.egemtv.com\/index.php?rest_route=\/wp\/v2\/posts\/84535\/revisions"}],"predecessor-version":[{"id":84537,"href":"https:\/\/www.egemtv.com\/index.php?rest_route=\/wp\/v2\/posts\/84535\/revisions\/84537"}],"wp:featuredmedia":[{"embeddable":true,"href":"https:\/\/www.egemtv.com\/index.php?rest_route=\/wp\/v2\/media\/84536"}],"wp:attachment":[{"href":"https:\/\/www.egemtv.com\/index.php?rest_route=%2Fwp%2Fv2%2Fmedia&parent=84535"}],"wp:term":[{"taxonomy":"category","embeddable":true,"href":"https:\/\/www.egemtv.com\/index.php?rest_route=%2Fwp%2Fv2%2Fcategories&post=84535"},{"taxonomy":"post_tag","embeddable":true,"href":"https:\/\/www.egemtv.com\/index.php?rest_route=%2Fwp%2Fv2%2Ftags&post=84535"}],"curies":[{"name":"wp","href":"https:\/\/api.w.org\/{rel}","templated":true}]}}