{"id":84529,"date":"2026-02-01T15:56:09","date_gmt":"2026-02-01T12:56:09","guid":{"rendered":"https:\/\/www.egemtv.com\/?p=84529"},"modified":"2026-02-01T15:56:10","modified_gmt":"2026-02-01T12:56:10","slug":"baskan-balaban-osmancali-motokros-parkurunu-inceledi","status":"publish","type":"post","link":"https:\/\/www.egemtv.com\/?p=84529","title":{"rendered":"Ba\u015fkan Balaban Osmancal\u0131 Motokros Parkurunu inceledi"},"content":{"rendered":"<p>Yunusemre Belediye Ba\u015fkan\u0131 Semih Balaban, T\u00fcrkiye\u2019nin say\u0131l\u0131 motokros parkurlar\u0131ndan biri olmaya aday olan ve yap\u0131m\u0131 tamamlanan Osmancal\u0131 Motokros Parkuru\u2019nda incelemelerde bulundu.<br \/>\n<br \/>Yunusemre Belediye Ba\u015fkan\u0131 Semih Balaban, Osmancal\u0131 Mahallesi\u2019nde 40 bin metrekarelik alan \u00fczerine in\u015fa edilen Osmancal\u0131 Motokros Parkuru\u2019nu gezerek \u00e7al\u0131\u015fmalar hakk\u0131nda yetkililerden bilgi ald\u0131. \u0130nceleme ziyaretine Belediye Ba\u015fkan Yard\u0131mc\u0131lar\u0131 Emine \u00d6zge Arslan ve Haydar \u0130zci\u2019nin yan\u0131 s\u0131ra Belediye Meclisi CHP Grup Ba\u015fkanvekili Erdin\u00e7 Yava\u015fl\u0131, Belediye \u00d6zel Kalem M\u00fcd\u00fcr\u00fc Seyit Ali \u00d6zmen ve Osmancal\u0131 Mahalle Muhtar\u0131 Bekir Akdeniz de kat\u0131ld\u0131.<br \/>\n<br \/>Parkur alan\u0131nda incelemelerde bulunan Ba\u015fkan Balaban, Osmancal\u0131 Motokros Parkuru\u2019nun T\u00fcrkiye\u2019nin say\u0131l\u0131 motokros parkurlar\u0131ndan biri olmaya aday bir tesis oldu\u011funu ifade etti. Tesisin Yunusemre\u2019ye sportif anlamda \u00f6nemli bir kazan\u0131m sa\u011flayaca\u011f\u0131n\u0131 vurgulayan Ba\u015fkan Balaban, beraberindeki heyetle parkur hakk\u0131nda g\u00f6r\u00fc\u015f al\u0131\u015fveri\u015finde bulundu.<br \/>\n<br \/>\u0130ncelemeler s\u0131ras\u0131nda son detaylara ili\u015fkin birimlere talimat veren Ba\u015fkan Balaban, tesisin k\u0131sa s\u00fcrede sporseverlerin hizmetine sunulaca\u011f\u0131n\u0131 belirtti. Parkurun, b\u00f6lgeye sportif hareketlilik kazand\u0131rmas\u0131n\u0131n yan\u0131 s\u0131ra gen\u00e7lerin ve motor sporlar\u0131 tutkunlar\u0131n\u0131n \u00f6nemli bir bulu\u015fma noktas\u0131 olmas\u0131n\u0131n hedeflendi\u011fi kaydedildi.<br \/><\/p>\n","protected":false},"excerpt":{"rendered":"<p>Yunusemre Belediye Ba\u015fkan\u0131 Semih Balaban, T\u00fcrkiye\u2019nin say\u0131l\u0131 motokros parkurlar\u0131ndan biri olmaya aday olan ve yap\u0131m\u0131 tamamlanan Osmancal\u0131 Motokros Parkuru\u2019nda incelemelerde bulundu. Yunusemre Belediye Ba\u015fkan\u0131 Semih Balaban, Osmancal\u0131 Mahallesi\u2019nde 40 bin metrekarelik alan \u00fczerine in\u015fa edilen Osmancal\u0131 Motokros Parkuru\u2019nu gezerek \u00e7al\u0131\u015fmalar hakk\u0131nda yetkililerden bilgi ald\u0131. \u0130nceleme ziyaretine Belediye Ba\u015fkan Yard\u0131mc\u0131lar\u0131 Emine \u00d6zge Arslan ve Haydar \u0130zci\u2019nin&#8230;<\/p>\n","protected":false},"author":1,"featured_media":84530,"comment_status":"open","ping_status":"open","sticky":false,"template":"","format":"standard","meta":{"_crdt_document":"","footnotes":""},"categories":[4],"tags":[],"class_list":["post-84529","post","type-post","status-publish","format-standard","has-post-thumbnail","hentry","category-spor"],"_links":{"self":[{"href":"https:\/\/www.egemtv.com\/index.php?rest_route=\/wp\/v2\/posts\/84529","targetHints":{"allow":["GET"]}}],"collection":[{"href":"https:\/\/www.egemtv.com\/index.php?rest_route=\/wp\/v2\/posts"}],"about":[{"href":"https:\/\/www.egemtv.com\/index.php?rest_route=\/wp\/v2\/types\/post"}],"author":[{"embeddable":true,"href":"https:\/\/www.egemtv.com\/index.php?rest_route=\/wp\/v2\/users\/1"}],"replies":[{"embeddable":true,"href":"https:\/\/www.egemtv.com\/index.php?rest_route=%2Fwp%2Fv2%2Fcomments&post=84529"}],"version-history":[{"count":1,"href":"https:\/\/www.egemtv.com\/index.php?rest_route=\/wp\/v2\/posts\/84529\/revisions"}],"predecessor-version":[{"id":84531,"href":"https:\/\/www.egemtv.com\/index.php?rest_route=\/wp\/v2\/posts\/84529\/revisions\/84531"}],"wp:featuredmedia":[{"embeddable":true,"href":"https:\/\/www.egemtv.com\/index.php?rest_route=\/wp\/v2\/media\/84530"}],"wp:attachment":[{"href":"https:\/\/www.egemtv.com\/index.php?rest_route=%2Fwp%2Fv2%2Fmedia&parent=84529"}],"wp:term":[{"taxonomy":"category","embeddable":true,"href":"https:\/\/www.egemtv.com\/index.php?rest_route=%2Fwp%2Fv2%2Fcategories&post=84529"},{"taxonomy":"post_tag","embeddable":true,"href":"https:\/\/www.egemtv.com\/index.php?rest_route=%2Fwp%2Fv2%2Ftags&post=84529"}],"curies":[{"name":"wp","href":"https:\/\/api.w.org\/{rel}","templated":true}]}}