{"id":84526,"date":"2026-02-01T15:56:08","date_gmt":"2026-02-01T12:56:08","guid":{"rendered":"https:\/\/www.egemtv.com\/?p=84526"},"modified":"2026-02-01T15:56:09","modified_gmt":"2026-02-01T12:56:09","slug":"zincirleme-trafik-kazasinda-3-kisi-yaralandi","status":"publish","type":"post","link":"https:\/\/www.egemtv.com\/?p=84526","title":{"rendered":"Zincirleme trafik kazas\u0131nda 3 ki\u015fi yaraland\u0131"},"content":{"rendered":"<p>Afyonkarahisar\u2019da 4 otomobilin \u00e7arp\u0131\u015fmas\u0131 sonucu meydana gelen zincirleme trafik kazas\u0131nda 3 ki\u015fi yaraland\u0131.<br \/>\n<br \/>Kaza, kent merkezine ba\u011fl\u0131 I\u015f\u0131klar beldesinde meydana geldi. Edinilen bilgilere g\u00f6re, a\u015f\u0131r\u0131 ya\u011fmur nedeniyle g\u00f6r\u00fc\u015f mesafesinin d\u00fc\u015fmesinden kaynakl\u0131 meydana gelen trafik kazas\u0131nda 4 otomobil zincirleme kazaya kar\u0131\u015ft\u0131. Kazada \u015e.S., M.S. ve M.C., yaraland\u0131. Yaral\u0131lar kaza sonras\u0131 \u00e7evredekilerin haber vermesi \u00fczerine olay yerine gelen ambulanslarla hastanelere kald\u0131r\u0131ld\u0131.<br \/>\n<br \/>Kazan\u0131n ard\u0131ndan jandarma taraf\u0131ndan inceleme ba\u015flat\u0131ld\u0131.<br \/><\/p>\n","protected":false},"excerpt":{"rendered":"<p>Afyonkarahisar\u2019da 4 otomobilin \u00e7arp\u0131\u015fmas\u0131 sonucu meydana gelen zincirleme trafik kazas\u0131nda 3 ki\u015fi yaraland\u0131. Kaza, kent merkezine ba\u011fl\u0131 I\u015f\u0131klar beldesinde meydana geldi. Edinilen bilgilere g\u00f6re, a\u015f\u0131r\u0131 ya\u011fmur nedeniyle g\u00f6r\u00fc\u015f mesafesinin d\u00fc\u015fmesinden kaynakl\u0131 meydana gelen trafik kazas\u0131nda 4 otomobil zincirleme kazaya kar\u0131\u015ft\u0131. Kazada \u015e.S., M.S. ve M.C., yaraland\u0131. Yaral\u0131lar kaza sonras\u0131 \u00e7evredekilerin haber vermesi \u00fczerine olay yerine&#8230;<\/p>\n","protected":false},"author":1,"featured_media":84527,"comment_status":"open","ping_status":"open","sticky":false,"template":"","format":"standard","meta":{"_crdt_document":"","footnotes":""},"categories":[5],"tags":[],"class_list":["post-84526","post","type-post","status-publish","format-standard","has-post-thumbnail","hentry","category-asayis"],"_links":{"self":[{"href":"https:\/\/www.egemtv.com\/index.php?rest_route=\/wp\/v2\/posts\/84526","targetHints":{"allow":["GET"]}}],"collection":[{"href":"https:\/\/www.egemtv.com\/index.php?rest_route=\/wp\/v2\/posts"}],"about":[{"href":"https:\/\/www.egemtv.com\/index.php?rest_route=\/wp\/v2\/types\/post"}],"author":[{"embeddable":true,"href":"https:\/\/www.egemtv.com\/index.php?rest_route=\/wp\/v2\/users\/1"}],"replies":[{"embeddable":true,"href":"https:\/\/www.egemtv.com\/index.php?rest_route=%2Fwp%2Fv2%2Fcomments&post=84526"}],"version-history":[{"count":1,"href":"https:\/\/www.egemtv.com\/index.php?rest_route=\/wp\/v2\/posts\/84526\/revisions"}],"predecessor-version":[{"id":84528,"href":"https:\/\/www.egemtv.com\/index.php?rest_route=\/wp\/v2\/posts\/84526\/revisions\/84528"}],"wp:featuredmedia":[{"embeddable":true,"href":"https:\/\/www.egemtv.com\/index.php?rest_route=\/wp\/v2\/media\/84527"}],"wp:attachment":[{"href":"https:\/\/www.egemtv.com\/index.php?rest_route=%2Fwp%2Fv2%2Fmedia&parent=84526"}],"wp:term":[{"taxonomy":"category","embeddable":true,"href":"https:\/\/www.egemtv.com\/index.php?rest_route=%2Fwp%2Fv2%2Fcategories&post=84526"},{"taxonomy":"post_tag","embeddable":true,"href":"https:\/\/www.egemtv.com\/index.php?rest_route=%2Fwp%2Fv2%2Ftags&post=84526"}],"curies":[{"name":"wp","href":"https:\/\/api.w.org\/{rel}","templated":true}]}}