{"id":84523,"date":"2026-02-01T15:56:06","date_gmt":"2026-02-01T12:56:06","guid":{"rendered":"https:\/\/www.egemtv.com\/?p=84523"},"modified":"2026-02-01T15:56:07","modified_gmt":"2026-02-01T12:56:07","slug":"koycegizde-okul-mudurleri-ikinci-donem-icin-toplandi","status":"publish","type":"post","link":"https:\/\/www.egemtv.com\/?p=84523","title":{"rendered":"K\u00f6yce\u011fiz\u2019de okul m\u00fcd\u00fcrleri ikinci d\u00f6nem i\u00e7in topland\u0131"},"content":{"rendered":"<p>Mu\u011fla\u2019n\u0131n K\u00f6yce\u011fiz il\u00e7esinde 2025-2026 E\u011fitim-\u00d6\u011fretim Y\u0131l\u0131 &#8220;2. D\u00f6nem E\u011fitim Kurumu M\u00fcd\u00fcrler Kurulu&#8221; toplant\u0131s\u0131 ger\u00e7ekle\u015ftirildi.<\/p>\n<p>K\u00f6yce\u011fiz Halk E\u011fitimi Merkezi Salonunda \u0130l\u00e7e Milli E\u011fitim M\u00fcd\u00fcr\u00fc Taner \u015een ba\u015fkanl\u0131\u011f\u0131nda ger\u00e7ekle\u015ftirilen toplant\u0131da, T\u00fcrkiye Y\u00fczy\u0131l\u0131 Maarif Modeli kapsam\u0131nda y\u00fcr\u00fct\u00fclecek \u00e7al\u0131\u015fmalar, birinci d\u00f6nemin de\u011ferlendirilmesi, &#8220;2026 Gen\u00e7lik Y\u0131l\u0131&#8221; \u00e7er\u00e7evesinde planlanan faaliyetler, y\u00fcr\u00fct\u00fclen yerel ve ulusal projeler ve ikinci d\u00f6nem haz\u0131rl\u0131klar\u0131 kapsaml\u0131 \u015fekilde ele al\u0131nd\u0131. Ayr\u0131ca okullarda g\u00fcvenli e\u011fitim ortamlar\u0131n\u0131n olu\u015fturulmas\u0131, okul g\u00fcvenli\u011fi ve \u00f6\u011frenci sa\u011fl\u0131\u011f\u0131na y\u00f6nelik \u00f6nlemler \u00fczerinde duruldu. Toplant\u0131da de\u011ferlendirmelerde bulunan \u0130l\u00e7e Milli E\u011fitim M\u00fcd\u00fcr\u00fc Taner \u015een, akademik ba\u015far\u0131y\u0131 destekleyen projelerin \u00f6nemine dikkat \u00e7ekerek, okul y\u00f6neticilerinin koordinasyon i\u00e7inde \u00e7al\u0131\u015fmas\u0131n\u0131n e\u011fitim kalitesine do\u011frudan katk\u0131 sa\u011flayaca\u011f\u0131n\u0131 ifade etti. \u015een, ikinci d\u00f6nemde de \u00f6\u011frencilerin akademik, sosyal ve de\u011ferler e\u011fitimi a\u00e7\u0131s\u0131ndan \u00e7ok y\u00f6nl\u00fc geli\u015fimini destekleyecek \u00e7al\u0131\u015fmalar\u0131n kararl\u0131l\u0131kla s\u00fcrd\u00fcr\u00fclece\u011fini belirtti. Toplant\u0131, okul m\u00fcd\u00fcrlerinin g\u00f6r\u00fc\u015f ve \u00f6nerilerinin al\u0131nmas\u0131n\u0131n ard\u0131ndan iyi dilek temennileriyle sona erdi.<br \/><\/p>\n","protected":false},"excerpt":{"rendered":"<p>Mu\u011fla\u2019n\u0131n K\u00f6yce\u011fiz il\u00e7esinde 2025-2026 E\u011fitim-\u00d6\u011fretim Y\u0131l\u0131 &#8220;2. D\u00f6nem E\u011fitim Kurumu M\u00fcd\u00fcrler Kurulu&#8221; toplant\u0131s\u0131 ger\u00e7ekle\u015ftirildi. K\u00f6yce\u011fiz Halk E\u011fitimi Merkezi Salonunda \u0130l\u00e7e Milli E\u011fitim M\u00fcd\u00fcr\u00fc Taner \u015een ba\u015fkanl\u0131\u011f\u0131nda ger\u00e7ekle\u015ftirilen toplant\u0131da, T\u00fcrkiye Y\u00fczy\u0131l\u0131 Maarif Modeli kapsam\u0131nda y\u00fcr\u00fct\u00fclecek \u00e7al\u0131\u015fmalar, birinci d\u00f6nemin de\u011ferlendirilmesi, &#8220;2026 Gen\u00e7lik Y\u0131l\u0131&#8221; \u00e7er\u00e7evesinde planlanan faaliyetler, y\u00fcr\u00fct\u00fclen yerel ve ulusal projeler ve ikinci d\u00f6nem haz\u0131rl\u0131klar\u0131 kapsaml\u0131 \u015fekilde&#8230;<\/p>\n","protected":false},"author":1,"featured_media":84524,"comment_status":"open","ping_status":"open","sticky":false,"template":"","format":"standard","meta":{"_crdt_document":"","footnotes":""},"categories":[1],"tags":[],"class_list":["post-84523","post","type-post","status-publish","format-standard","has-post-thumbnail","hentry","category-guncel"],"_links":{"self":[{"href":"https:\/\/www.egemtv.com\/index.php?rest_route=\/wp\/v2\/posts\/84523","targetHints":{"allow":["GET"]}}],"collection":[{"href":"https:\/\/www.egemtv.com\/index.php?rest_route=\/wp\/v2\/posts"}],"about":[{"href":"https:\/\/www.egemtv.com\/index.php?rest_route=\/wp\/v2\/types\/post"}],"author":[{"embeddable":true,"href":"https:\/\/www.egemtv.com\/index.php?rest_route=\/wp\/v2\/users\/1"}],"replies":[{"embeddable":true,"href":"https:\/\/www.egemtv.com\/index.php?rest_route=%2Fwp%2Fv2%2Fcomments&post=84523"}],"version-history":[{"count":1,"href":"https:\/\/www.egemtv.com\/index.php?rest_route=\/wp\/v2\/posts\/84523\/revisions"}],"predecessor-version":[{"id":84525,"href":"https:\/\/www.egemtv.com\/index.php?rest_route=\/wp\/v2\/posts\/84523\/revisions\/84525"}],"wp:featuredmedia":[{"embeddable":true,"href":"https:\/\/www.egemtv.com\/index.php?rest_route=\/wp\/v2\/media\/84524"}],"wp:attachment":[{"href":"https:\/\/www.egemtv.com\/index.php?rest_route=%2Fwp%2Fv2%2Fmedia&parent=84523"}],"wp:term":[{"taxonomy":"category","embeddable":true,"href":"https:\/\/www.egemtv.com\/index.php?rest_route=%2Fwp%2Fv2%2Fcategories&post=84523"},{"taxonomy":"post_tag","embeddable":true,"href":"https:\/\/www.egemtv.com\/index.php?rest_route=%2Fwp%2Fv2%2Ftags&post=84523"}],"curies":[{"name":"wp","href":"https:\/\/api.w.org\/{rel}","templated":true}]}}