{"id":84520,"date":"2026-02-01T15:56:05","date_gmt":"2026-02-01T12:56:05","guid":{"rendered":"https:\/\/www.egemtv.com\/?p=84520"},"modified":"2026-02-01T15:56:06","modified_gmt":"2026-02-01T12:56:06","slug":"kusadasinda-kuvvetli-yagis-alarmi","status":"publish","type":"post","link":"https:\/\/www.egemtv.com\/?p=84520","title":{"rendered":"Ku\u015fadas\u0131\u2019nda kuvvetli ya\u011f\u0131\u015f alarm\u0131"},"content":{"rendered":"<p>Meteoroloji Genel M\u00fcd\u00fcrl\u00fc\u011f\u00fc\u2019n\u00fcn b\u00f6lge genelinde yapt\u0131\u011f\u0131 \u015fiddetli ya\u011f\u0131\u015f uyar\u0131lar\u0131n\u0131n ard\u0131ndan, Ku\u015fadas\u0131\u2019nda sel ve su ta\u015fk\u0131nlar\u0131na kar\u015f\u0131 haz\u0131rl\u0131k \u00e7al\u0131\u015fmalar\u0131 en \u00fcst seviyeye \u00e7\u0131kar\u0131ld\u0131.<br \/>\n<br \/>Ku\u015fadas\u0131 Kaymakam\u0131 \u0130brahim Keklik ba\u015fkanl\u0131\u011f\u0131nda d\u00fczenlenen acil durum toplant\u0131s\u0131nda, il\u00e7enin afetlere kar\u015f\u0131 diren\u00e7 kapasitesi ve kurumlar\u0131n saha planlamalar\u0131 kapsaml\u0131 bir \u015fekilde de\u011ferlendirildi. Kaymakaml\u0131k makam\u0131nda ger\u00e7ekle\u015ftirilen kritik zirveye emniyet, jandarma ve AFAD yetkililerinin yan\u0131 s\u0131ra Ayd\u0131n B\u00fcy\u00fck\u015fehir Belediyesi, ASK\u0130 Genel M\u00fcd\u00fcrl\u00fc\u011f\u00fc, Ku\u015fadas\u0131 Belediyesi ve AKUT ekipleri kat\u0131l\u0131m sa\u011flad\u0131. Toplant\u0131da, \u00f6zellikle yo\u011fun ya\u011f\u0131\u015f\u0131n altyap\u0131 \u00fczerinde olu\u015fturabilece\u011fi bask\u0131y\u0131 en aza indirmek ve h\u0131zl\u0131 m\u00fcdahale a\u011f\u0131n\u0131 kurmak ad\u0131na t\u00fcm birimlerin e\u015fg\u00fcd\u00fcml\u00fc hareket etmesi kararla\u015ft\u0131r\u0131ld\u0131.<br \/>\n<br \/>Toplant\u0131 neticesinde al\u0131nan stratejik kararlar do\u011frultusunda, ASK\u0130 ve ilgili belediye ekipleri il\u00e7edeki ana arterler ile riskli mahallelerdeki drenaj hatt\u0131 temizliklerini h\u0131zland\u0131rd\u0131. Ayd\u0131n B\u00fcy\u00fck\u015fehir Belediyesi ve Ku\u015fadas\u0131 Belediyesi i\u015f makineleri, muhtemel ta\u015fk\u0131n noktalar\u0131na yak\u0131n b\u00f6lgelerde konu\u015fland\u0131r\u0131l\u0131rken, ASK\u0130 Genel M\u00fcd\u00fcrl\u00fc\u011f\u00fc de su tahliye pompalar\u0131 ve vidanj\u00f6r ekiplerini teyakkuz haline getirdi. AKUT ekiplerinin ise teknik ekipman ve profesyonel g\u00f6n\u00fcll\u00fc g\u00fcc\u00fcyle her t\u00fcrl\u00fc arama kurtarma senaryosuna kar\u015f\u0131 operasyonel haz\u0131rl\u0131klar\u0131n\u0131 tamamlad\u0131\u011f\u0131 bildirildi.<br \/>\n<br \/>Kaymakam \u0130brahim Keklik, kamu kurumlar\u0131n\u0131n, yerel y\u00f6netimlerin ve sivil toplumun tam bir koordinasyon i\u00e7inde oldu\u011funu ifade ederek halk\u0131n g\u00fcvenli\u011fi i\u00e7in t\u00fcm imkanlar\u0131n seferber edildi\u011fini vurgulad\u0131. Vatanda\u015flar\u0131n can ve mal g\u00fcvenli\u011fi i\u00e7in riskli alanlardan uzak durmalar\u0131, dere yataklar\u0131 \u00e7evresine ara\u00e7 park etmemeleri ve acil durumlarda 112 Acil \u00c7a\u011fr\u0131 Merkezi \u00fczerinden ileti\u015fime ge\u00e7meleri gerekti\u011fi \u00f6nemle hat\u0131rlat\u0131ld\u0131.<br \/><\/p>\n","protected":false},"excerpt":{"rendered":"<p>Meteoroloji Genel M\u00fcd\u00fcrl\u00fc\u011f\u00fc\u2019n\u00fcn b\u00f6lge genelinde yapt\u0131\u011f\u0131 \u015fiddetli ya\u011f\u0131\u015f uyar\u0131lar\u0131n\u0131n ard\u0131ndan, Ku\u015fadas\u0131\u2019nda sel ve su ta\u015fk\u0131nlar\u0131na kar\u015f\u0131 haz\u0131rl\u0131k \u00e7al\u0131\u015fmalar\u0131 en \u00fcst seviyeye \u00e7\u0131kar\u0131ld\u0131. Ku\u015fadas\u0131 Kaymakam\u0131 \u0130brahim Keklik ba\u015fkanl\u0131\u011f\u0131nda d\u00fczenlenen acil durum toplant\u0131s\u0131nda, il\u00e7enin afetlere kar\u015f\u0131 diren\u00e7 kapasitesi ve kurumlar\u0131n saha planlamalar\u0131 kapsaml\u0131 bir \u015fekilde de\u011ferlendirildi. Kaymakaml\u0131k makam\u0131nda ger\u00e7ekle\u015ftirilen kritik zirveye emniyet, jandarma ve AFAD yetkililerinin yan\u0131&#8230;<\/p>\n","protected":false},"author":1,"featured_media":84521,"comment_status":"open","ping_status":"open","sticky":false,"template":"","format":"standard","meta":{"_crdt_document":"","footnotes":""},"categories":[1],"tags":[],"class_list":["post-84520","post","type-post","status-publish","format-standard","has-post-thumbnail","hentry","category-guncel"],"_links":{"self":[{"href":"https:\/\/www.egemtv.com\/index.php?rest_route=\/wp\/v2\/posts\/84520","targetHints":{"allow":["GET"]}}],"collection":[{"href":"https:\/\/www.egemtv.com\/index.php?rest_route=\/wp\/v2\/posts"}],"about":[{"href":"https:\/\/www.egemtv.com\/index.php?rest_route=\/wp\/v2\/types\/post"}],"author":[{"embeddable":true,"href":"https:\/\/www.egemtv.com\/index.php?rest_route=\/wp\/v2\/users\/1"}],"replies":[{"embeddable":true,"href":"https:\/\/www.egemtv.com\/index.php?rest_route=%2Fwp%2Fv2%2Fcomments&post=84520"}],"version-history":[{"count":1,"href":"https:\/\/www.egemtv.com\/index.php?rest_route=\/wp\/v2\/posts\/84520\/revisions"}],"predecessor-version":[{"id":84522,"href":"https:\/\/www.egemtv.com\/index.php?rest_route=\/wp\/v2\/posts\/84520\/revisions\/84522"}],"wp:featuredmedia":[{"embeddable":true,"href":"https:\/\/www.egemtv.com\/index.php?rest_route=\/wp\/v2\/media\/84521"}],"wp:attachment":[{"href":"https:\/\/www.egemtv.com\/index.php?rest_route=%2Fwp%2Fv2%2Fmedia&parent=84520"}],"wp:term":[{"taxonomy":"category","embeddable":true,"href":"https:\/\/www.egemtv.com\/index.php?rest_route=%2Fwp%2Fv2%2Fcategories&post=84520"},{"taxonomy":"post_tag","embeddable":true,"href":"https:\/\/www.egemtv.com\/index.php?rest_route=%2Fwp%2Fv2%2Ftags&post=84520"}],"curies":[{"name":"wp","href":"https:\/\/api.w.org\/{rel}","templated":true}]}}