{"id":84517,"date":"2026-02-01T15:56:04","date_gmt":"2026-02-01T12:56:04","guid":{"rendered":"https:\/\/www.egemtv.com\/?p=84517"},"modified":"2026-02-01T15:56:05","modified_gmt":"2026-02-01T12:56:05","slug":"dalaman-akkopru-baraji-maksimum-doluluga-ulasti-fazla-su-tahliye-edilecek","status":"publish","type":"post","link":"https:\/\/www.egemtv.com\/?p=84517","title":{"rendered":"Dalaman Akk\u00f6pr\u00fc Baraj\u0131 maksimum dolulu\u011fa ula\u015ft\u0131, fazla su tahliye edilecek"},"content":{"rendered":"<p>Dalaman \u00c7ay\u0131 \u00fczerinde T\u00fcrkiye\u2019nin 6\u2019nc\u0131 b\u00fcy\u00fck baraj\u0131 Akk\u00f6pr\u00fc Baraj\u0131 ve Hidroelektrik Santralinde son ya\u011f\u0131\u015flardan sonra doluluk oran\u0131 maksimum seviyeye ula\u015ft\u0131. Yetkililer Akk\u00f6pr\u00fc Baraj\u0131 \u00e7evresindeki ve Dalaman \u00c7ay\u0131 \u00fczerindeki mahalle muhtarlar\u0131n\u0131 uyararak gece fazla su tahliyesi yap\u0131laca\u011f\u0131n\u0131 belirterek \u00f6nlem al\u0131nmas\u0131n\u0131 istedi.<br \/>\n<br \/>DS\u0130 214. \u015eube M\u00fcd\u00fcrl\u00fc\u011f\u00fcnden b\u00f6lgede mahalle muhtarlar\u0131na yap\u0131lan uyar\u0131da, &#8220;Akk\u00f6pr\u00fc Baraj\u0131 rezervuar\u0131m\u0131z, mevsim normallerinin \u00fczerindeki ya\u011f\u0131\u015flar nedeniyle maksimum doluluk s\u0131n\u0131r\u0131na yakla\u015fm\u0131\u015ft\u0131r. Meteorolojik verilere g\u00f6re, b\u00f6lgemizde 24 saat s\u00fcrecek \u015fiddetli ya\u011f\u0131\u015f ve buna e\u015flik edecek kar erimesi beklenmektedir. Baraj g\u00fcvenli\u011fini sa\u011flamak amac\u0131yla, bu gece 24.00 (Pazar gecesi) itibar\u0131yla baraj santralimiz tam kapasite \u00fcretime ge\u00e7ecek ve dere yata\u011f\u0131na y\u00fcksek debide (saniyede yakla\u015f\u0131k 120-130 metrek\u00fcp) su b\u0131rak\u0131lacakt\u0131r. Dalaman ve Ortaca b\u00f6lgelerine su sa\u011flayan t\u00fcm sulama suyu alma yap\u0131lar\u0131 (bentler) kapat\u0131lm\u0131\u015f ve g\u00fc\u00e7lendirilme \u00e7al\u0131\u015fmalar\u0131na ba\u015flan\u0131lm\u0131\u015ft\u0131r. Bu ama\u00e7la al\u0131nmas\u0131 gereken \u00f6nlemler aras\u0131nda barajdan b\u0131rak\u0131lacak su nedeniyle Dalaman \u00c7ay\u0131 ana yata\u011f\u0131nda su seviyesi ciddi oranda y\u00fckselecektir. Ayr\u0131ca bentler kapal\u0131 olsa dahi, ana yataktaki y\u00fckselme sebebiyle Dalaman ve Ortaca sulama kanallar\u0131na s\u0131z\u0131nt\u0131 veya su ge\u00e7i\u015fi olma ihtimali vard\u0131r. Can ve mal kayb\u0131 ya\u015fanmamas\u0131 ad\u0131na; nehir yata\u011f\u0131na yak\u0131n b\u00f6lgelerdeki vatanda\u015flar\u0131n uyar\u0131lmas\u0131, ana \u00e7ay yata\u011f\u0131 ve sulama kanallar\u0131 k\u0131y\u0131s\u0131nda bulunan su motorlar\u0131, i\u015f makineleri ve tar\u0131m aletlerinin derhal kald\u0131r\u0131lmas\u0131, Dere ve kanal kenar\u0131nda otlat\u0131lan veya bar\u0131nan hayvanlar\u0131n g\u00fcvenli b\u00f6lgelere \u00e7ekilmesi gerekmektedir&#8221; denildi.<br \/>\n<br \/>419,20 milyon metrek\u00fcp su biriktirme hacmine sahip Dalaman Akk\u00f6pr\u00fc Baraj\u0131 ve HES, y\u0131ll\u0131k 343 milyon kilovatsaat enerji \u00fcretimi ger\u00e7ekle\u015ftiriyor. 121 bin 240 dekar arazi sulamas\u0131n\u0131n yan\u0131nda 20 bin dekar arazinin ta\u015fk\u0131n riski \u00f6nl\u00fcyor ve Dalaman, K\u00f6yce\u011fiz, Ortaca il\u00e7e merkezleri ve k\u00f6yleri ile turistik tesisler ta\u015fk\u0131n zarar\u0131ndan korunuyor.<br \/><\/p>\n","protected":false},"excerpt":{"rendered":"<p>Dalaman \u00c7ay\u0131 \u00fczerinde T\u00fcrkiye\u2019nin 6\u2019nc\u0131 b\u00fcy\u00fck baraj\u0131 Akk\u00f6pr\u00fc Baraj\u0131 ve Hidroelektrik Santralinde son ya\u011f\u0131\u015flardan sonra doluluk oran\u0131 maksimum seviyeye ula\u015ft\u0131. Yetkililer Akk\u00f6pr\u00fc Baraj\u0131 \u00e7evresindeki ve Dalaman \u00c7ay\u0131 \u00fczerindeki mahalle muhtarlar\u0131n\u0131 uyararak gece fazla su tahliyesi yap\u0131laca\u011f\u0131n\u0131 belirterek \u00f6nlem al\u0131nmas\u0131n\u0131 istedi. DS\u0130 214. \u015eube M\u00fcd\u00fcrl\u00fc\u011f\u00fcnden b\u00f6lgede mahalle muhtarlar\u0131na yap\u0131lan uyar\u0131da, &#8220;Akk\u00f6pr\u00fc Baraj\u0131 rezervuar\u0131m\u0131z, mevsim normallerinin \u00fczerindeki&#8230;<\/p>\n","protected":false},"author":1,"featured_media":84518,"comment_status":"open","ping_status":"open","sticky":false,"template":"","format":"standard","meta":{"_crdt_document":"","footnotes":""},"categories":[1],"tags":[],"class_list":["post-84517","post","type-post","status-publish","format-standard","has-post-thumbnail","hentry","category-guncel"],"_links":{"self":[{"href":"https:\/\/www.egemtv.com\/index.php?rest_route=\/wp\/v2\/posts\/84517","targetHints":{"allow":["GET"]}}],"collection":[{"href":"https:\/\/www.egemtv.com\/index.php?rest_route=\/wp\/v2\/posts"}],"about":[{"href":"https:\/\/www.egemtv.com\/index.php?rest_route=\/wp\/v2\/types\/post"}],"author":[{"embeddable":true,"href":"https:\/\/www.egemtv.com\/index.php?rest_route=\/wp\/v2\/users\/1"}],"replies":[{"embeddable":true,"href":"https:\/\/www.egemtv.com\/index.php?rest_route=%2Fwp%2Fv2%2Fcomments&post=84517"}],"version-history":[{"count":1,"href":"https:\/\/www.egemtv.com\/index.php?rest_route=\/wp\/v2\/posts\/84517\/revisions"}],"predecessor-version":[{"id":84519,"href":"https:\/\/www.egemtv.com\/index.php?rest_route=\/wp\/v2\/posts\/84517\/revisions\/84519"}],"wp:featuredmedia":[{"embeddable":true,"href":"https:\/\/www.egemtv.com\/index.php?rest_route=\/wp\/v2\/media\/84518"}],"wp:attachment":[{"href":"https:\/\/www.egemtv.com\/index.php?rest_route=%2Fwp%2Fv2%2Fmedia&parent=84517"}],"wp:term":[{"taxonomy":"category","embeddable":true,"href":"https:\/\/www.egemtv.com\/index.php?rest_route=%2Fwp%2Fv2%2Fcategories&post=84517"},{"taxonomy":"post_tag","embeddable":true,"href":"https:\/\/www.egemtv.com\/index.php?rest_route=%2Fwp%2Fv2%2Ftags&post=84517"}],"curies":[{"name":"wp","href":"https:\/\/api.w.org\/{rel}","templated":true}]}}