{"id":84511,"date":"2026-02-01T15:14:36","date_gmt":"2026-02-01T12:14:36","guid":{"rendered":"https:\/\/www.egemtv.com\/?p=84511"},"modified":"2026-02-01T15:14:37","modified_gmt":"2026-02-01T12:14:37","slug":"bergamanin-ilk-kadin-kahveciler-odasi-baskani-melek-tok-bilir-oldu","status":"publish","type":"post","link":"https:\/\/www.egemtv.com\/?p=84511","title":{"rendered":"Bergama\u2019n\u0131n ilk kad\u0131n Kahveciler Odas\u0131 Ba\u015fkan\u0131 Melek Tok Bilir oldu"},"content":{"rendered":"<p>\u0130zmir\u2019in Bergama il\u00e7esinde yap\u0131lan Kahveciler ve Benzerleri Odas\u0131 se\u00e7imlerinde \u00fc\u00e7 erkek aday\u0131 geride b\u0131rakan Melek Tok Bilir, Bergama tarihinde ilk kad\u0131n Kahveciler Odas\u0131 Ba\u015fkan\u0131 se\u00e7ildi.<br \/>\n<br \/>Bergama\u2019da d\u00f6rt aday\u0131n yar\u0131\u015ft\u0131\u011f\u0131 se\u00e7imlerde Melek Tok Bilir 147, Erkan Yorgun 106, Fuat Yaram\u0131\u015f 58 ve Vedat Yi\u011fit 54 oy ald\u0131.<br \/><\/p>\n","protected":false},"excerpt":{"rendered":"<p>\u0130zmir\u2019in Bergama il\u00e7esinde yap\u0131lan Kahveciler ve Benzerleri Odas\u0131 se\u00e7imlerinde \u00fc\u00e7 erkek aday\u0131 geride b\u0131rakan Melek Tok Bilir, Bergama tarihinde ilk kad\u0131n Kahveciler Odas\u0131 Ba\u015fkan\u0131 se\u00e7ildi. Bergama\u2019da d\u00f6rt aday\u0131n yar\u0131\u015ft\u0131\u011f\u0131 se\u00e7imlerde Melek Tok Bilir 147, Erkan Yorgun 106, Fuat Yaram\u0131\u015f 58 ve Vedat Yi\u011fit 54 oy ald\u0131.<\/p>\n","protected":false},"author":1,"featured_media":84512,"comment_status":"open","ping_status":"open","sticky":false,"template":"","format":"standard","meta":{"_crdt_document":"","footnotes":""},"categories":[1],"tags":[],"class_list":["post-84511","post","type-post","status-publish","format-standard","has-post-thumbnail","hentry","category-guncel"],"_links":{"self":[{"href":"https:\/\/www.egemtv.com\/index.php?rest_route=\/wp\/v2\/posts\/84511","targetHints":{"allow":["GET"]}}],"collection":[{"href":"https:\/\/www.egemtv.com\/index.php?rest_route=\/wp\/v2\/posts"}],"about":[{"href":"https:\/\/www.egemtv.com\/index.php?rest_route=\/wp\/v2\/types\/post"}],"author":[{"embeddable":true,"href":"https:\/\/www.egemtv.com\/index.php?rest_route=\/wp\/v2\/users\/1"}],"replies":[{"embeddable":true,"href":"https:\/\/www.egemtv.com\/index.php?rest_route=%2Fwp%2Fv2%2Fcomments&post=84511"}],"version-history":[{"count":1,"href":"https:\/\/www.egemtv.com\/index.php?rest_route=\/wp\/v2\/posts\/84511\/revisions"}],"predecessor-version":[{"id":84513,"href":"https:\/\/www.egemtv.com\/index.php?rest_route=\/wp\/v2\/posts\/84511\/revisions\/84513"}],"wp:featuredmedia":[{"embeddable":true,"href":"https:\/\/www.egemtv.com\/index.php?rest_route=\/wp\/v2\/media\/84512"}],"wp:attachment":[{"href":"https:\/\/www.egemtv.com\/index.php?rest_route=%2Fwp%2Fv2%2Fmedia&parent=84511"}],"wp:term":[{"taxonomy":"category","embeddable":true,"href":"https:\/\/www.egemtv.com\/index.php?rest_route=%2Fwp%2Fv2%2Fcategories&post=84511"},{"taxonomy":"post_tag","embeddable":true,"href":"https:\/\/www.egemtv.com\/index.php?rest_route=%2Fwp%2Fv2%2Ftags&post=84511"}],"curies":[{"name":"wp","href":"https:\/\/api.w.org\/{rel}","templated":true}]}}