{"id":84508,"date":"2026-02-01T15:14:35","date_gmt":"2026-02-01T12:14:35","guid":{"rendered":"https:\/\/www.egemtv.com\/?p=84508"},"modified":"2026-02-01T15:14:36","modified_gmt":"2026-02-01T12:14:36","slug":"baskan-kaya-tum-birimlerimizle-sahada-tedbirleri-almaya-devam-ediyoruz","status":"publish","type":"post","link":"https:\/\/www.egemtv.com\/?p=84508","title":{"rendered":"Ba\u015fkan Kaya: &#8220;T\u00fcm birimlerimizle sahada tedbirleri almaya devam ediyoruz&#8221;"},"content":{"rendered":"<p>Ayd\u0131n\u2019\u0131n \u0130ncirliova il\u00e7esinde beklenen y\u00fcksek ya\u011f\u0131\u015f uyar\u0131s\u0131 sonras\u0131 muhtemel risklere kar\u015f\u0131 sahada tedbirler art\u0131r\u0131l\u0131rken, \u0130ncirliova Belediye Ba\u015fkan\u0131 Aytekin Kaya &#8220;\u0130lgili t\u00fcm birimlerimizle birlikte sahada gerekli tedbirleri almaya devam ediyoruz&#8221; dedi.<br \/>\n<br \/>Meteoroloji Genel M\u00fcd\u00fcrl\u00fc\u011f\u00fc taraf\u0131ndan yap\u0131lan y\u00fcksek ya\u011f\u0131\u015f uyar\u0131s\u0131 kapsam\u0131nda \u0130ncirliova\u2019da AFAD Koordinasyon Toplant\u0131s\u0131 d\u00fczenlendi. Kaymakam \u0130lhan Abay ba\u015fkanl\u0131\u011f\u0131nda ger\u00e7ekle\u015ftirilen toplant\u0131ya, \u0130l\u00e7e Emniyet M\u00fcd\u00fcr\u00fc \u015eafak Y\u0131ld\u0131r\u0131m, \u0130l\u00e7e Jandarma Komutan\u0131 Hasan \u00c7elik, kamu kurumlar\u0131n\u0131n m\u00fcd\u00fcrleri ile \u0130ncirliova Belediye Ba\u015fkan\u0131 Aytekin Kaya kat\u0131ld\u0131. Toplant\u0131da, muhtemel sel, su bask\u0131n\u0131 ve di\u011fer olumsuzluklara kar\u015f\u0131 al\u0131nacak \u00f6nlemler ele al\u0131n\u0131rken, kurumlar aras\u0131 koordinasyonun \u00f6nemi vurguland\u0131. Riskli b\u00f6lgeler ba\u015fta olmak \u00fczere il\u00e7e genelinde gerekli tedbirlerin sahada uygulanmaya devam etti\u011fi bildirildi.<br \/>\n<br \/>\u0130ncirliova Belediye Ba\u015fkan\u0131 Aytekin Kaya, ilgili t\u00fcm birimlerle birlikte s\u00fcrecin yak\u0131ndan takip edildi\u011fini belirterek &#8220;Meteoroloji Genel M\u00fcd\u00fcrl\u00fc\u011f\u00fcm\u00fcz taraf\u0131ndan yap\u0131lan y\u00fcksek ya\u011f\u0131\u015f uyar\u0131s\u0131 kapsam\u0131nda, ilgili t\u00fcm birimlerimizle birlikte sahada gerekli tedbirleri almaya devam ediyoruz&#8221; dedi.<br \/><\/p>\n","protected":false},"excerpt":{"rendered":"<p>Ayd\u0131n\u2019\u0131n \u0130ncirliova il\u00e7esinde beklenen y\u00fcksek ya\u011f\u0131\u015f uyar\u0131s\u0131 sonras\u0131 muhtemel risklere kar\u015f\u0131 sahada tedbirler art\u0131r\u0131l\u0131rken, \u0130ncirliova Belediye Ba\u015fkan\u0131 Aytekin Kaya &#8220;\u0130lgili t\u00fcm birimlerimizle birlikte sahada gerekli tedbirleri almaya devam ediyoruz&#8221; dedi. Meteoroloji Genel M\u00fcd\u00fcrl\u00fc\u011f\u00fc taraf\u0131ndan yap\u0131lan y\u00fcksek ya\u011f\u0131\u015f uyar\u0131s\u0131 kapsam\u0131nda \u0130ncirliova\u2019da AFAD Koordinasyon Toplant\u0131s\u0131 d\u00fczenlendi. Kaymakam \u0130lhan Abay ba\u015fkanl\u0131\u011f\u0131nda ger\u00e7ekle\u015ftirilen toplant\u0131ya, \u0130l\u00e7e Emniyet M\u00fcd\u00fcr\u00fc \u015eafak Y\u0131ld\u0131r\u0131m,&#8230;<\/p>\n","protected":false},"author":1,"featured_media":84509,"comment_status":"open","ping_status":"open","sticky":false,"template":"","format":"standard","meta":{"_crdt_document":"","footnotes":""},"categories":[1],"tags":[],"class_list":["post-84508","post","type-post","status-publish","format-standard","has-post-thumbnail","hentry","category-guncel"],"_links":{"self":[{"href":"https:\/\/www.egemtv.com\/index.php?rest_route=\/wp\/v2\/posts\/84508","targetHints":{"allow":["GET"]}}],"collection":[{"href":"https:\/\/www.egemtv.com\/index.php?rest_route=\/wp\/v2\/posts"}],"about":[{"href":"https:\/\/www.egemtv.com\/index.php?rest_route=\/wp\/v2\/types\/post"}],"author":[{"embeddable":true,"href":"https:\/\/www.egemtv.com\/index.php?rest_route=\/wp\/v2\/users\/1"}],"replies":[{"embeddable":true,"href":"https:\/\/www.egemtv.com\/index.php?rest_route=%2Fwp%2Fv2%2Fcomments&post=84508"}],"version-history":[{"count":1,"href":"https:\/\/www.egemtv.com\/index.php?rest_route=\/wp\/v2\/posts\/84508\/revisions"}],"predecessor-version":[{"id":84510,"href":"https:\/\/www.egemtv.com\/index.php?rest_route=\/wp\/v2\/posts\/84508\/revisions\/84510"}],"wp:featuredmedia":[{"embeddable":true,"href":"https:\/\/www.egemtv.com\/index.php?rest_route=\/wp\/v2\/media\/84509"}],"wp:attachment":[{"href":"https:\/\/www.egemtv.com\/index.php?rest_route=%2Fwp%2Fv2%2Fmedia&parent=84508"}],"wp:term":[{"taxonomy":"category","embeddable":true,"href":"https:\/\/www.egemtv.com\/index.php?rest_route=%2Fwp%2Fv2%2Fcategories&post=84508"},{"taxonomy":"post_tag","embeddable":true,"href":"https:\/\/www.egemtv.com\/index.php?rest_route=%2Fwp%2Fv2%2Ftags&post=84508"}],"curies":[{"name":"wp","href":"https:\/\/api.w.org\/{rel}","templated":true}]}}