{"id":84505,"date":"2026-02-01T14:54:59","date_gmt":"2026-02-01T11:54:59","guid":{"rendered":"https:\/\/www.egemtv.com\/?p=84505"},"modified":"2026-02-01T14:55:00","modified_gmt":"2026-02-01T11:55:00","slug":"aytonun-gundemi-cildir-oldu","status":"publish","type":"post","link":"https:\/\/www.egemtv.com\/?p=84505","title":{"rendered":"AYTO\u2019nun g\u00fcndemi \u2019\u00c7\u0131ld\u0131r\u2019 oldu"},"content":{"rendered":"<p>Cumhurba\u015fkan\u0131 Recep Tayyip Erdo\u011fan\u2019\u0131n Ayd\u0131n ziyaretinde \u00c7\u0131ld\u0131r Havaliman\u0131\u2019n\u0131n ticari u\u00e7u\u015flara a\u00e7\u0131lmas\u0131 i\u00e7in talimat verdi\u011fini a\u00e7\u0131klamas\u0131n\u0131n ard\u0131ndan, Ayd\u0131n Ticaret Odas\u0131\u2019n\u0131n (AYTO) Ocak ay\u0131 ola\u011fan meclis toplant\u0131s\u0131nda da \u00c7\u0131ld\u0131r Havaliman\u0131 konusu ana g\u00fcndem maddelerinden biri oldu.<br \/>\n<br \/>Ayd\u0131n Ticaret Odas\u0131 (AYTO) Ocak Ay\u0131 Ola\u011fan Meclis Toplant\u0131s\u0131 ger\u00e7ekle\u015ftirildi. AYTO Ba\u015fkan\u0131 Hakan \u00dclken\u2019in ba\u015fkanl\u0131\u011f\u0131nda yap\u0131lan toplant\u0131da, 2026 y\u0131l\u0131na y\u00f6nelik stratejiler, projeler, \u00fcyelerin sorun, talep ve \u00e7\u00f6z\u00fcm beklentileri ele al\u0131n\u0131rken, \u00c7\u0131ld\u0131r Havaliman\u0131\u2019n\u0131n Ayd\u0131n\u2019a kazand\u0131r\u0131lmas\u0131 konusu da kapsaml\u0131 \u015fekilde isti\u015fare edildi. Cumhurba\u015fkan\u0131 Recep Tayyip Erdo\u011fan\u2019\u0131n ge\u00e7ti\u011fimiz g\u00fcnlerde Ayd\u0131n\u2019a ger\u00e7ekle\u015ftirdi\u011fi ziyaret s\u0131ras\u0131nda, \u00c7\u0131ld\u0131r Havaliman\u0131\u2019n\u0131n ticari u\u00e7u\u015flara a\u00e7\u0131lmas\u0131 i\u00e7in \u00e7al\u0131\u015fmalar\u0131n ba\u015flat\u0131laca\u011f\u0131n\u0131 a\u00e7\u0131klamas\u0131 ve ilgili kurumlara talimat verdi\u011fini ifade etmesi, kentte b\u00fcy\u00fck heyecan olu\u015fturmu\u015ftu. Bu geli\u015fmenin ard\u0131ndan AYTO Meclisi\u2019nde de \u00c7\u0131ld\u0131r Havaliman\u0131\u2019n\u0131n Ayd\u0131n ekonomisine sa\u011flayaca\u011f\u0131 katk\u0131lar masaya yat\u0131r\u0131ld\u0131.<br \/>\n<br \/>AYTO\u2019nun, \u00c7\u0131ld\u0131r Havaliman\u0131\u2019n\u0131n Ayd\u0131n\u2019a kazand\u0131r\u0131lmas\u0131 i\u00e7in uzun y\u0131llard\u0131r \u00e7al\u0131\u015fmalar y\u00fcr\u00fctt\u00fc\u011f\u00fc, belirli aral\u0131klarla haz\u0131rlanan fizibilite raporlar\u0131n\u0131n Cumhurba\u015fkanl\u0131\u011f\u0131 ba\u015fta olmak \u00fczere ilgili kurumlara sunuldu\u011fu hat\u0131rlat\u0131ld\u0131. Toplant\u0131da, havaliman\u0131n\u0131n ticari u\u00e7u\u015flara a\u00e7\u0131lmas\u0131n\u0131n, sanayi, tar\u0131m, turizm ve ihracat ba\u015fta olmak \u00fczere Ayd\u0131n\u2019\u0131n ekonomik kalk\u0131nmas\u0131na ivme kazand\u0131raca\u011f\u0131 vurguland\u0131.<br \/>\n<br \/>AYTO Ba\u015fkan\u0131 Hakan \u00dclken, \u00c7\u0131ld\u0131r Havaliman\u0131\u2019n\u0131n Ayd\u0131n i\u00e7in stratejik bir yat\u0131r\u0131m oldu\u011funa dikkat \u00e7ekerek, s\u00fcrecin yak\u0131ndan takip edilece\u011fini ve Ayd\u0131n i\u015f d\u00fcnyas\u0131n\u0131n beklentilerinin ilgili mercilere iletilmeye devam edilece\u011fini ifade etti. \u00dclken, a\u00e7\u0131klamas\u0131nda &#8220;Ocak ay\u0131 Ola\u011fan Meclis Toplant\u0131m\u0131z\u0131 ger\u00e7ekle\u015ftirdik. 2026 stratejilerimizi, projelerimizi, \u00dcyelerimizin sorun talep ve \u00e7\u00f6z\u00fcm beklentilerini, \u00c7\u0131ld\u0131r Havaliman\u0131 konusu ba\u015fta olmak \u00fczere Ayd\u0131n\u2019\u0131m\u0131z\u0131n ekonomik kalk\u0131nmas\u0131 ad\u0131na t\u00fcm alanlarda hamle setlerimizi isti\u015fare ettik&#8221; ifadeleri yer ald\u0131.<br \/><\/p>\n","protected":false},"excerpt":{"rendered":"<p>Cumhurba\u015fkan\u0131 Recep Tayyip Erdo\u011fan\u2019\u0131n Ayd\u0131n ziyaretinde \u00c7\u0131ld\u0131r Havaliman\u0131\u2019n\u0131n ticari u\u00e7u\u015flara a\u00e7\u0131lmas\u0131 i\u00e7in talimat verdi\u011fini a\u00e7\u0131klamas\u0131n\u0131n ard\u0131ndan, Ayd\u0131n Ticaret Odas\u0131\u2019n\u0131n (AYTO) Ocak ay\u0131 ola\u011fan meclis toplant\u0131s\u0131nda da \u00c7\u0131ld\u0131r Havaliman\u0131 konusu ana g\u00fcndem maddelerinden biri oldu. Ayd\u0131n Ticaret Odas\u0131 (AYTO) Ocak Ay\u0131 Ola\u011fan Meclis Toplant\u0131s\u0131 ger\u00e7ekle\u015ftirildi. AYTO Ba\u015fkan\u0131 Hakan \u00dclken\u2019in ba\u015fkanl\u0131\u011f\u0131nda yap\u0131lan toplant\u0131da, 2026 y\u0131l\u0131na y\u00f6nelik stratejiler,&#8230;<\/p>\n","protected":false},"author":1,"featured_media":84506,"comment_status":"open","ping_status":"open","sticky":false,"template":"","format":"standard","meta":{"_crdt_document":"","footnotes":""},"categories":[1],"tags":[],"class_list":["post-84505","post","type-post","status-publish","format-standard","has-post-thumbnail","hentry","category-guncel"],"_links":{"self":[{"href":"https:\/\/www.egemtv.com\/index.php?rest_route=\/wp\/v2\/posts\/84505","targetHints":{"allow":["GET"]}}],"collection":[{"href":"https:\/\/www.egemtv.com\/index.php?rest_route=\/wp\/v2\/posts"}],"about":[{"href":"https:\/\/www.egemtv.com\/index.php?rest_route=\/wp\/v2\/types\/post"}],"author":[{"embeddable":true,"href":"https:\/\/www.egemtv.com\/index.php?rest_route=\/wp\/v2\/users\/1"}],"replies":[{"embeddable":true,"href":"https:\/\/www.egemtv.com\/index.php?rest_route=%2Fwp%2Fv2%2Fcomments&post=84505"}],"version-history":[{"count":1,"href":"https:\/\/www.egemtv.com\/index.php?rest_route=\/wp\/v2\/posts\/84505\/revisions"}],"predecessor-version":[{"id":84507,"href":"https:\/\/www.egemtv.com\/index.php?rest_route=\/wp\/v2\/posts\/84505\/revisions\/84507"}],"wp:featuredmedia":[{"embeddable":true,"href":"https:\/\/www.egemtv.com\/index.php?rest_route=\/wp\/v2\/media\/84506"}],"wp:attachment":[{"href":"https:\/\/www.egemtv.com\/index.php?rest_route=%2Fwp%2Fv2%2Fmedia&parent=84505"}],"wp:term":[{"taxonomy":"category","embeddable":true,"href":"https:\/\/www.egemtv.com\/index.php?rest_route=%2Fwp%2Fv2%2Fcategories&post=84505"},{"taxonomy":"post_tag","embeddable":true,"href":"https:\/\/www.egemtv.com\/index.php?rest_route=%2Fwp%2Fv2%2Ftags&post=84505"}],"curies":[{"name":"wp","href":"https:\/\/api.w.org\/{rel}","templated":true}]}}