{"id":84502,"date":"2026-02-01T14:54:58","date_gmt":"2026-02-01T11:54:58","guid":{"rendered":"https:\/\/www.egemtv.com\/?p=84502"},"modified":"2026-02-01T14:54:59","modified_gmt":"2026-02-01T11:54:59","slug":"aski-ve-aydin-buyuksehir-belediyesi-yagislara-hazir","status":"publish","type":"post","link":"https:\/\/www.egemtv.com\/?p=84502","title":{"rendered":"ASK\u0130 ve Ayd\u0131n B\u00fcy\u00fck\u015fehir Belediyesi ya\u011f\u0131\u015flara haz\u0131r"},"content":{"rendered":"<p>Meteoroloji Genel M\u00fcd\u00fcrl\u00fc\u011f\u00fc\u2019n\u00fcn Ayd\u0131n i\u00e7in yapt\u0131\u011f\u0131 ya\u011f\u0131\u015f uyar\u0131s\u0131n\u0131n ard\u0131ndan, Ayd\u0131n B\u00fcy\u00fck\u015fehir Belediyesi ile ASK\u0130 ekipleri haz\u0131rl\u0131klar\u0131n\u0131 tamamlad\u0131. Kent genelinde ekipler sahada \u00e7al\u0131\u015fmalar\u0131n\u0131 koordinasyon i\u00e7erisinde s\u00fcrd\u00fcr\u00fcyor.<\/p>\n<p>Ayd\u0131n B\u00fcy\u00fck\u015fehir Belediyesi\u2019ne ba\u011fl\u0131 birimler ile ASK\u0130 Genel M\u00fcd\u00fcrl\u00fc\u011f\u00fc ekipleri, ya\u011fmur suyu hatlar\u0131, mazgallar ve r\u00f6gar kapaklar\u0131nda bak\u0131m ve kontrol \u00e7al\u0131\u015fmalar\u0131n\u0131 ger\u00e7ekle\u015ftirdi. Kentin farkl\u0131 noktalar\u0131nda ekipler ya\u015fanabilecek herhangi bir olumsuzlu\u011fa kar\u015f\u0131 haz\u0131r bekliyor.<br \/>\n<br \/>\u00d6zellikle ana arterler ve yo\u011fun kullan\u0131lan b\u00f6lgelerde vidanj\u00f6rler ve i\u015f makineleri konu\u015fland\u0131r\u0131ld\u0131. ASK\u0130 ekipleri, altyap\u0131 hatlar\u0131n\u0131 d\u00fczenli olarak kontrol ederek \u00e7al\u0131\u015fmalar\u0131n\u0131 s\u00fcrd\u00fcr\u00fcyor.<br \/>\n<br \/>Ayd\u0131n B\u00fcy\u00fck\u015fehir Belediyesi yetkilileri, ya\u011f\u0131\u015f s\u00fcresince ekiplerin 24 saat esas\u0131na g\u00f6re g\u00f6rev ba\u015f\u0131nda olaca\u011f\u0131n\u0131 belirtti. ASK\u0130 \u00c7a\u011fr\u0131 Merkezi, Ayd\u0131n B\u00fcy\u00fck\u015fehir Belediyesi H\u0131zl\u0131 \u00c7\u00f6z\u00fcm Merkezi ve belediyeye ba\u011fl\u0131 birimlerin vatanda\u015flar\u0131n talepleri i\u00e7in kesintisiz hizmet verdi\u011fi ifade edildi.<br \/><\/p>\n","protected":false},"excerpt":{"rendered":"<p>Meteoroloji Genel M\u00fcd\u00fcrl\u00fc\u011f\u00fc\u2019n\u00fcn Ayd\u0131n i\u00e7in yapt\u0131\u011f\u0131 ya\u011f\u0131\u015f uyar\u0131s\u0131n\u0131n ard\u0131ndan, Ayd\u0131n B\u00fcy\u00fck\u015fehir Belediyesi ile ASK\u0130 ekipleri haz\u0131rl\u0131klar\u0131n\u0131 tamamlad\u0131. Kent genelinde ekipler sahada \u00e7al\u0131\u015fmalar\u0131n\u0131 koordinasyon i\u00e7erisinde s\u00fcrd\u00fcr\u00fcyor. Ayd\u0131n B\u00fcy\u00fck\u015fehir Belediyesi\u2019ne ba\u011fl\u0131 birimler ile ASK\u0130 Genel M\u00fcd\u00fcrl\u00fc\u011f\u00fc ekipleri, ya\u011fmur suyu hatlar\u0131, mazgallar ve r\u00f6gar kapaklar\u0131nda bak\u0131m ve kontrol \u00e7al\u0131\u015fmalar\u0131n\u0131 ger\u00e7ekle\u015ftirdi. Kentin farkl\u0131 noktalar\u0131nda ekipler ya\u015fanabilecek herhangi bir olumsuzlu\u011fa&#8230;<\/p>\n","protected":false},"author":1,"featured_media":84503,"comment_status":"open","ping_status":"open","sticky":false,"template":"","format":"standard","meta":{"_crdt_document":"","footnotes":""},"categories":[1],"tags":[],"class_list":["post-84502","post","type-post","status-publish","format-standard","has-post-thumbnail","hentry","category-guncel"],"_links":{"self":[{"href":"https:\/\/www.egemtv.com\/index.php?rest_route=\/wp\/v2\/posts\/84502","targetHints":{"allow":["GET"]}}],"collection":[{"href":"https:\/\/www.egemtv.com\/index.php?rest_route=\/wp\/v2\/posts"}],"about":[{"href":"https:\/\/www.egemtv.com\/index.php?rest_route=\/wp\/v2\/types\/post"}],"author":[{"embeddable":true,"href":"https:\/\/www.egemtv.com\/index.php?rest_route=\/wp\/v2\/users\/1"}],"replies":[{"embeddable":true,"href":"https:\/\/www.egemtv.com\/index.php?rest_route=%2Fwp%2Fv2%2Fcomments&post=84502"}],"version-history":[{"count":1,"href":"https:\/\/www.egemtv.com\/index.php?rest_route=\/wp\/v2\/posts\/84502\/revisions"}],"predecessor-version":[{"id":84504,"href":"https:\/\/www.egemtv.com\/index.php?rest_route=\/wp\/v2\/posts\/84502\/revisions\/84504"}],"wp:featuredmedia":[{"embeddable":true,"href":"https:\/\/www.egemtv.com\/index.php?rest_route=\/wp\/v2\/media\/84503"}],"wp:attachment":[{"href":"https:\/\/www.egemtv.com\/index.php?rest_route=%2Fwp%2Fv2%2Fmedia&parent=84502"}],"wp:term":[{"taxonomy":"category","embeddable":true,"href":"https:\/\/www.egemtv.com\/index.php?rest_route=%2Fwp%2Fv2%2Fcategories&post=84502"},{"taxonomy":"post_tag","embeddable":true,"href":"https:\/\/www.egemtv.com\/index.php?rest_route=%2Fwp%2Fv2%2Ftags&post=84502"}],"curies":[{"name":"wp","href":"https:\/\/api.w.org\/{rel}","templated":true}]}}