{"id":84499,"date":"2026-02-01T14:54:57","date_gmt":"2026-02-01T11:54:57","guid":{"rendered":"https:\/\/www.egemtv.com\/?p=84499"},"modified":"2026-02-01T14:54:58","modified_gmt":"2026-02-01T11:54:58","slug":"marmaris-belediyesine-domuz-davasi","status":"publish","type":"post","link":"https:\/\/www.egemtv.com\/?p=84499","title":{"rendered":"Marmaris Belediyesi\u2019ne domuz davas\u0131"},"content":{"rendered":"<p>Mu\u011fla\u2019n\u0131n Marmaris il\u00e7esinde, \u015fehir merkezine, evlerin bah\u00e7elerine kadar inen yaban domuzlar\u0131n\u0131n olu\u015fturdu\u011fu risk g\u00fcndemden d\u00fc\u015fmezken, ailesi Marmaris\u2019te ya\u015fayan S\u00fcha Uslu\u2019nun Marmaris Belediyesi\u2019ne yapt\u0131\u011f\u0131 bilgi edinme ba\u015fvurusu yarg\u0131ya ta\u015f\u0131nd\u0131.<\/p>\n<p>Sa\u011fl\u0131k a\u00e7\u0131s\u0131ndan da teredd\u00fctleri oldu\u011funu belirten S\u00fcha Uslu, belediyeye \u015fehir merkezine inen yaban domuzlar\u0131yla ilgili &#8220;y\u00fcr\u00fct\u00fclen mevcut \u00e7al\u0131\u015fmalar, sorunun \u00e7\u00f6z\u00fcm\u00fc i\u00e7in hangi ad\u0131mlar\u0131n at\u0131ld\u0131\u011f\u0131 ve gelecekte hangi \u00f6nlemlerin planland\u0131\u011f\u0131, herhangi bir kamu kurumu ile ortak \u00e7al\u0131\u015fma yap\u0131l\u0131p yap\u0131lmad\u0131\u011f\u0131n\u0131 ve yap\u0131lacaksa bunun kapsam\u0131n\u0131n ne oldu\u011fu, toplumu uyarmak ve bilin\u00e7lendirmek i\u00e7in bir \u00e7al\u0131\u015fma y\u00fcr\u00fct\u00fcl\u00fcp y\u00fcr\u00fct\u00fclmedi\u011fi, ayr\u0131ca sorunun \u00e7\u00f6z\u00fcm\u00fcne y\u00f6nelik somut bir takvimin belirlenip belirlenmedi\u011fi&#8221; sorular\u0131n\u0131 y\u00f6neltti\u011fini belirtti. Belediyenin sorular\u0131na s\u00fcresi i\u00e7inde yan\u0131t vermedi\u011fini \u00f6ne s\u00fcren Uslu, bu nedenle belediyeye dava a\u00e7t\u0131klar\u0131n\u0131 s\u00f6yledi. Mahkemenin davay\u0131 kabul etti\u011fini ve belediyenin bilgi vermek zorunda oldu\u011funa kanaat getirdi\u011fini kaydetti.<\/p>\n<p>&#8220;Yaban domuzlar\u0131 \u015fehir merkezinde s\u00fcr\u00fcler halinde dola\u015f\u0131yor&#8221;<br \/>\n<br \/>Uslu, Marmaris\u2019te yaban domuzlar\u0131n\u0131n yaln\u0131zca ak\u015fam saatlerinde de\u011fil g\u00fcn\u00fcn her diliminde \u015fehir i\u00e7inde g\u00f6r\u00fcld\u00fc\u011f\u00fcn\u00fc belirterek, &#8220;\u00c7\u00f6p konteynerlerinden sahil ve plajlara, yol kenarlar\u0131ndan apartman bah\u00e7elerine kadar her yerde s\u00fcr\u00fcler halinde domuzlar var. Okullar\u0131n \u00f6n\u00fcnde s\u00fcr\u00fcler halinde geziyorlar&#8221; dedi. Bu durumun yaln\u0131zca insan sa\u011fl\u0131\u011f\u0131 ve g\u00fcvenli\u011fi a\u00e7\u0131s\u0131ndan de\u011fil, di\u011fer canl\u0131lar i\u00e7in de risk olu\u015fturdu\u011funu vurgulayan Uslu, do\u011fan\u0131n dengesinin de zarar g\u00f6rd\u00fc\u011f\u00fcn\u00fc dile getirdi.<\/p>\n<p>&#8220;Belediye sorumluluktan ka\u00e7amaz&#8221;<br \/>\n<br \/>Uslu, 5393 say\u0131l\u0131 Belediye Kanunu\u2019na dikkat \u00e7ekerek belediyelerin \u00e7evre ve \u00e7evre sa\u011fl\u0131\u011f\u0131ndan sorumlu oldu\u011funu belirtti. Domuzlar\u0131n ormanl\u0131k alanda de\u011fil, m\u00fccavir alan i\u00e7erisinde ve ya\u015fam\u0131n yo\u011fun oldu\u011fu b\u00f6lgelerde g\u00f6r\u00fcld\u00fc\u011f\u00fcn\u00fc ifade eden Uslu, &#8220;Belediye bu konuda kafas\u0131n\u0131 kuma g\u00f6memez&#8221; diye konu\u015ftu. Uslu, mahkeme karar\u0131nda bilgi edinmenin herkes i\u00e7in bir hak oldu\u011funun, bilgi vermenin ise kamu kurum ve kurulu\u015flar\u0131 i\u00e7in kanuni bir y\u00fck\u00fcml\u00fcl\u00fck oldu\u011funun alt\u0131n\u0131n \u00e7izildi\u011fini s\u00f6yledi. Uslu, &#8220;Belediye mahkeme karar\u0131n\u0131 yerine getirip yapt\u0131\u011f\u0131 \u00e7al\u0131\u015fmalar hakk\u0131nda bilgi vermek zorunda&#8221; ifadelerini kulland\u0131.<\/p>\n<p>\u0130\u015flem iptal edildi, giderler belediyeye y\u00fcklendi<br \/>\n<br \/>Mahkeme, Marmaris Belediyesi\u2019nin ba\u015fvuruya cevap vermeyerek z\u0131mnen ret i\u015flemi tesis etmesinde hukuka uygunluk bulunmad\u0131\u011f\u0131na h\u00fckmetti. Bu kapsamda dava konusu i\u015flem iptal edilirken, yarg\u0131lama giderlerinin de belediye taraf\u0131ndan davac\u0131ya \u00f6denmesine karar verildi.<br \/><\/p>\n","protected":false},"excerpt":{"rendered":"<p>Mu\u011fla\u2019n\u0131n Marmaris il\u00e7esinde, \u015fehir merkezine, evlerin bah\u00e7elerine kadar inen yaban domuzlar\u0131n\u0131n olu\u015fturdu\u011fu risk g\u00fcndemden d\u00fc\u015fmezken, ailesi Marmaris\u2019te ya\u015fayan S\u00fcha Uslu\u2019nun Marmaris Belediyesi\u2019ne yapt\u0131\u011f\u0131 bilgi edinme ba\u015fvurusu yarg\u0131ya ta\u015f\u0131nd\u0131. Sa\u011fl\u0131k a\u00e7\u0131s\u0131ndan da teredd\u00fctleri oldu\u011funu belirten S\u00fcha Uslu, belediyeye \u015fehir merkezine inen yaban domuzlar\u0131yla ilgili &#8220;y\u00fcr\u00fct\u00fclen mevcut \u00e7al\u0131\u015fmalar, sorunun \u00e7\u00f6z\u00fcm\u00fc i\u00e7in hangi ad\u0131mlar\u0131n at\u0131ld\u0131\u011f\u0131 ve gelecekte hangi&#8230;<\/p>\n","protected":false},"author":1,"featured_media":84500,"comment_status":"open","ping_status":"open","sticky":false,"template":"","format":"standard","meta":{"_crdt_document":"","footnotes":""},"categories":[5],"tags":[],"class_list":["post-84499","post","type-post","status-publish","format-standard","has-post-thumbnail","hentry","category-asayis"],"_links":{"self":[{"href":"https:\/\/www.egemtv.com\/index.php?rest_route=\/wp\/v2\/posts\/84499","targetHints":{"allow":["GET"]}}],"collection":[{"href":"https:\/\/www.egemtv.com\/index.php?rest_route=\/wp\/v2\/posts"}],"about":[{"href":"https:\/\/www.egemtv.com\/index.php?rest_route=\/wp\/v2\/types\/post"}],"author":[{"embeddable":true,"href":"https:\/\/www.egemtv.com\/index.php?rest_route=\/wp\/v2\/users\/1"}],"replies":[{"embeddable":true,"href":"https:\/\/www.egemtv.com\/index.php?rest_route=%2Fwp%2Fv2%2Fcomments&post=84499"}],"version-history":[{"count":1,"href":"https:\/\/www.egemtv.com\/index.php?rest_route=\/wp\/v2\/posts\/84499\/revisions"}],"predecessor-version":[{"id":84501,"href":"https:\/\/www.egemtv.com\/index.php?rest_route=\/wp\/v2\/posts\/84499\/revisions\/84501"}],"wp:featuredmedia":[{"embeddable":true,"href":"https:\/\/www.egemtv.com\/index.php?rest_route=\/wp\/v2\/media\/84500"}],"wp:attachment":[{"href":"https:\/\/www.egemtv.com\/index.php?rest_route=%2Fwp%2Fv2%2Fmedia&parent=84499"}],"wp:term":[{"taxonomy":"category","embeddable":true,"href":"https:\/\/www.egemtv.com\/index.php?rest_route=%2Fwp%2Fv2%2Fcategories&post=84499"},{"taxonomy":"post_tag","embeddable":true,"href":"https:\/\/www.egemtv.com\/index.php?rest_route=%2Fwp%2Fv2%2Ftags&post=84499"}],"curies":[{"name":"wp","href":"https:\/\/api.w.org\/{rel}","templated":true}]}}