{"id":84496,"date":"2026-02-01T14:14:43","date_gmt":"2026-02-01T11:14:43","guid":{"rendered":"https:\/\/www.egemtv.com\/?p=84496"},"modified":"2026-02-01T14:14:44","modified_gmt":"2026-02-01T11:14:44","slug":"balikcilara-firtina-uyarisi","status":"publish","type":"post","link":"https:\/\/www.egemtv.com\/?p=84496","title":{"rendered":"Bal\u0131k\u00e7\u0131lara &#8220;f\u0131rt\u0131na&#8221; uyar\u0131s\u0131"},"content":{"rendered":"<p>Didim \u0130l\u00e7e Tar\u0131m ve Orman M\u00fcd\u00fcrl\u00fc\u011f\u00fc, b\u00f6lgede beklenen f\u0131rt\u0131na ve kuvvetli ya\u011f\u0131\u015f nedeniyle bal\u0131k\u00e7\u0131lar\u0131 ve amat\u00f6r denizcileri dikkatli olmalar\u0131 konusunda uyard\u0131.<br \/>\n<br \/>Didim \u0130l\u00e7e Tar\u0131m ve Orman M\u00fcd\u00fcrl\u00fc\u011f\u00fc\u2019nden yap\u0131lan a\u00e7\u0131klamada, b\u00f6lgede etkili olmas\u0131 beklenen f\u0131rt\u0131na, kuvvetli ya\u011f\u0131\u015f ve buna ba\u011fl\u0131 deniz seviyesinde y\u00fckselme riskine dikkat \u00e7ekildi. A\u00e7\u0131klamada, \u00f6zellikle denize a\u00e7\u0131lacak bal\u0131k\u00e7\u0131lar ve amat\u00f6r denizcilerin tedbirli davranmalar\u0131 istendi. Uyar\u0131da, k\u00fc\u00e7\u00fck tekne sahipleri ile bal\u0131k\u00e7\u0131 bar\u0131naklar\u0131nda gerekli emniyet \u00f6nlemlerinin al\u0131nmas\u0131n\u0131n \u00f6nemine vurgu yap\u0131l\u0131rken, hava ve deniz \u015fartlar\u0131 normale d\u00f6nene kadar denize a\u00e7\u0131lmaktan ka\u00e7\u0131n\u0131lmas\u0131 gerekti\u011fi belirtildi. Ayr\u0131ca k\u0131y\u0131 kesimlerinde bulunan vatanda\u015flar\u0131n muhtemel su bask\u0131nlar\u0131na kar\u015f\u0131 dikkatli olmalar\u0131 istendi. Yetkililer, olumsuzluk ya\u015fanmas\u0131 durumunda 112 Acil \u00c7a\u011fr\u0131 Merkezi ya da Didim Sahil G\u00fcvenlik Komutanl\u0131\u011f\u0131 g\u00f6rev telefonu \u00fczerinden irtibata ge\u00e7ilmesi gerekti\u011fini hat\u0131rlatt\u0131.<br \/><\/p>\n","protected":false},"excerpt":{"rendered":"<p>Didim \u0130l\u00e7e Tar\u0131m ve Orman M\u00fcd\u00fcrl\u00fc\u011f\u00fc, b\u00f6lgede beklenen f\u0131rt\u0131na ve kuvvetli ya\u011f\u0131\u015f nedeniyle bal\u0131k\u00e7\u0131lar\u0131 ve amat\u00f6r denizcileri dikkatli olmalar\u0131 konusunda uyard\u0131. Didim \u0130l\u00e7e Tar\u0131m ve Orman M\u00fcd\u00fcrl\u00fc\u011f\u00fc\u2019nden yap\u0131lan a\u00e7\u0131klamada, b\u00f6lgede etkili olmas\u0131 beklenen f\u0131rt\u0131na, kuvvetli ya\u011f\u0131\u015f ve buna ba\u011fl\u0131 deniz seviyesinde y\u00fckselme riskine dikkat \u00e7ekildi. A\u00e7\u0131klamada, \u00f6zellikle denize a\u00e7\u0131lacak bal\u0131k\u00e7\u0131lar ve amat\u00f6r denizcilerin tedbirli davranmalar\u0131&#8230;<\/p>\n","protected":false},"author":1,"featured_media":84497,"comment_status":"open","ping_status":"open","sticky":false,"template":"","format":"standard","meta":{"_crdt_document":"","footnotes":""},"categories":[1],"tags":[],"class_list":["post-84496","post","type-post","status-publish","format-standard","has-post-thumbnail","hentry","category-guncel"],"_links":{"self":[{"href":"https:\/\/www.egemtv.com\/index.php?rest_route=\/wp\/v2\/posts\/84496","targetHints":{"allow":["GET"]}}],"collection":[{"href":"https:\/\/www.egemtv.com\/index.php?rest_route=\/wp\/v2\/posts"}],"about":[{"href":"https:\/\/www.egemtv.com\/index.php?rest_route=\/wp\/v2\/types\/post"}],"author":[{"embeddable":true,"href":"https:\/\/www.egemtv.com\/index.php?rest_route=\/wp\/v2\/users\/1"}],"replies":[{"embeddable":true,"href":"https:\/\/www.egemtv.com\/index.php?rest_route=%2Fwp%2Fv2%2Fcomments&post=84496"}],"version-history":[{"count":1,"href":"https:\/\/www.egemtv.com\/index.php?rest_route=\/wp\/v2\/posts\/84496\/revisions"}],"predecessor-version":[{"id":84498,"href":"https:\/\/www.egemtv.com\/index.php?rest_route=\/wp\/v2\/posts\/84496\/revisions\/84498"}],"wp:featuredmedia":[{"embeddable":true,"href":"https:\/\/www.egemtv.com\/index.php?rest_route=\/wp\/v2\/media\/84497"}],"wp:attachment":[{"href":"https:\/\/www.egemtv.com\/index.php?rest_route=%2Fwp%2Fv2%2Fmedia&parent=84496"}],"wp:term":[{"taxonomy":"category","embeddable":true,"href":"https:\/\/www.egemtv.com\/index.php?rest_route=%2Fwp%2Fv2%2Fcategories&post=84496"},{"taxonomy":"post_tag","embeddable":true,"href":"https:\/\/www.egemtv.com\/index.php?rest_route=%2Fwp%2Fv2%2Ftags&post=84496"}],"curies":[{"name":"wp","href":"https:\/\/api.w.org\/{rel}","templated":true}]}}