{"id":84493,"date":"2026-02-01T13:54:57","date_gmt":"2026-02-01T10:54:57","guid":{"rendered":"https:\/\/www.egemtv.com\/?p=84493"},"modified":"2026-02-01T13:54:58","modified_gmt":"2026-02-01T10:54:58","slug":"germencikte-kriz-merkezi-toplandi","status":"publish","type":"post","link":"https:\/\/www.egemtv.com\/?p=84493","title":{"rendered":"Germencik\u2019te kriz merkezi topland\u0131"},"content":{"rendered":"<p>Meteoroloji ve AFAD\u2019\u0131n \u00e7ok kuvvetli ya\u011f\u0131\u015f uyar\u0131s\u0131 sonras\u0131 Germencik\u2019te, Kaymakam Sultan Do\u011fru ba\u015fkanl\u0131\u011f\u0131nda \u0130l\u00e7e AFAD Kriz Merkezi topland\u0131.<br \/>\n<br \/>Meteoroloji Genel M\u00fcd\u00fcrl\u00fc\u011f\u00fc ile AFAD Ba\u015fkanl\u0131\u011f\u0131 taraf\u0131ndan yap\u0131lan \u00e7ok kuvvetli ya\u011f\u0131\u015f ve sa\u011fanak uyar\u0131s\u0131 sonras\u0131 Germencik\u2019te Afet ve Acil Durum Kriz Merkezi topland\u0131. Meteoroloji Genel M\u00fcd\u00fcrl\u00fc\u011f\u00fc ve AFAD Ba\u015fkanl\u0131\u011f\u0131 taraf\u0131ndan il genelinde beklenen \u00e7ok kuvvetli ya\u011f\u0131\u015f ve sa\u011fanak ya\u011f\u0131\u015f riskine ili\u015fkin yap\u0131lan uyar\u0131lar kapsam\u0131nda, Germencik\u2019te muhtemel afet durumlar\u0131na kar\u015f\u0131 haz\u0131rl\u0131klar art\u0131r\u0131ld\u0131. Bu do\u011frultuda, Germencik Kaymakam\u0131 Sultan Do\u011fru ba\u015fkanl\u0131\u011f\u0131nda \u0130l\u00e7e AFAD Kriz Merkezi toplant\u0131s\u0131 ger\u00e7ekle\u015ftirildi. Toplant\u0131da, il\u00e7ede meydana gelebilecek olumsuzluklara kar\u015f\u0131 al\u0131nacak tedbirler, kurumlar aras\u0131 koordinasyon ve m\u00fcdahale planlar\u0131 ele al\u0131nd\u0131. Yetkililer, ya\u011f\u0131\u015flar nedeniyle olu\u015fabilecek sel, su bask\u0131n\u0131 ve benzeri risklere kar\u015f\u0131 ekiplerin teyakkuz halinde oldu\u011funu belirterek, vatanda\u015flar\u0131n Meteoroloji ve resmi kurumlar taraf\u0131ndan yap\u0131lacak uyar\u0131lar\u0131 dikkate almalar\u0131 konusunda \u00e7a\u011fr\u0131da bulundu.<br \/>\n<br \/>Germencik Kaymakaml\u0131\u011f\u0131\u2019ndan yap\u0131lan a\u00e7\u0131klamada &#8220;Meteroloji Genel M\u00fcd\u00fcrl\u00fc\u011f\u00fc  ve AFAD Ba\u015fkanl\u0131\u011f\u0131  taraf\u0131ndan bildirilen ilimiz genelindeki \u00e7ok kuvvetli ya\u011f\u0131\u015f, sa\u011fanak ya\u011f\u0131\u015f riski uyar\u0131s\u0131 kapsam\u0131nda Kaymakam Sultan Do\u011fru Ba\u015fkanl\u0131\u011f\u0131nda il\u00e7e Afad Kriz Merkezi topland\u0131&#8221; ifadeleri yer ald\u0131.<br \/><\/p>\n","protected":false},"excerpt":{"rendered":"<p>Meteoroloji ve AFAD\u2019\u0131n \u00e7ok kuvvetli ya\u011f\u0131\u015f uyar\u0131s\u0131 sonras\u0131 Germencik\u2019te, Kaymakam Sultan Do\u011fru ba\u015fkanl\u0131\u011f\u0131nda \u0130l\u00e7e AFAD Kriz Merkezi topland\u0131. Meteoroloji Genel M\u00fcd\u00fcrl\u00fc\u011f\u00fc ile AFAD Ba\u015fkanl\u0131\u011f\u0131 taraf\u0131ndan yap\u0131lan \u00e7ok kuvvetli ya\u011f\u0131\u015f ve sa\u011fanak uyar\u0131s\u0131 sonras\u0131 Germencik\u2019te Afet ve Acil Durum Kriz Merkezi topland\u0131. Meteoroloji Genel M\u00fcd\u00fcrl\u00fc\u011f\u00fc ve AFAD Ba\u015fkanl\u0131\u011f\u0131 taraf\u0131ndan il genelinde beklenen \u00e7ok kuvvetli ya\u011f\u0131\u015f ve&#8230;<\/p>\n","protected":false},"author":1,"featured_media":84494,"comment_status":"open","ping_status":"open","sticky":false,"template":"","format":"standard","meta":{"_crdt_document":"","footnotes":""},"categories":[1],"tags":[],"class_list":["post-84493","post","type-post","status-publish","format-standard","has-post-thumbnail","hentry","category-guncel"],"_links":{"self":[{"href":"https:\/\/www.egemtv.com\/index.php?rest_route=\/wp\/v2\/posts\/84493","targetHints":{"allow":["GET"]}}],"collection":[{"href":"https:\/\/www.egemtv.com\/index.php?rest_route=\/wp\/v2\/posts"}],"about":[{"href":"https:\/\/www.egemtv.com\/index.php?rest_route=\/wp\/v2\/types\/post"}],"author":[{"embeddable":true,"href":"https:\/\/www.egemtv.com\/index.php?rest_route=\/wp\/v2\/users\/1"}],"replies":[{"embeddable":true,"href":"https:\/\/www.egemtv.com\/index.php?rest_route=%2Fwp%2Fv2%2Fcomments&post=84493"}],"version-history":[{"count":1,"href":"https:\/\/www.egemtv.com\/index.php?rest_route=\/wp\/v2\/posts\/84493\/revisions"}],"predecessor-version":[{"id":84495,"href":"https:\/\/www.egemtv.com\/index.php?rest_route=\/wp\/v2\/posts\/84493\/revisions\/84495"}],"wp:featuredmedia":[{"embeddable":true,"href":"https:\/\/www.egemtv.com\/index.php?rest_route=\/wp\/v2\/media\/84494"}],"wp:attachment":[{"href":"https:\/\/www.egemtv.com\/index.php?rest_route=%2Fwp%2Fv2%2Fmedia&parent=84493"}],"wp:term":[{"taxonomy":"category","embeddable":true,"href":"https:\/\/www.egemtv.com\/index.php?rest_route=%2Fwp%2Fv2%2Fcategories&post=84493"},{"taxonomy":"post_tag","embeddable":true,"href":"https:\/\/www.egemtv.com\/index.php?rest_route=%2Fwp%2Fv2%2Ftags&post=84493"}],"curies":[{"name":"wp","href":"https:\/\/api.w.org\/{rel}","templated":true}]}}