{"id":84490,"date":"2026-02-01T13:54:56","date_gmt":"2026-02-01T10:54:56","guid":{"rendered":"https:\/\/www.egemtv.com\/?p=84490"},"modified":"2026-02-01T13:54:57","modified_gmt":"2026-02-01T10:54:57","slug":"manisada-266-bin-ogrenci-ders-basi-yapacak","status":"publish","type":"post","link":"https:\/\/www.egemtv.com\/?p=84490","title":{"rendered":"Manisa\u2019da 266 bin \u00f6\u011frenci ders ba\u015f\u0131 yapacak"},"content":{"rendered":"<p>Manisa genelinde 2025-2026 E\u011fitim \u00d6\u011fretim Y\u0131l\u0131\u2019n\u0131n ikinci d\u00f6nemi, 2 \u015eubat Pazartesi g\u00fcn\u00fc ba\u015flayacak. Yar\u0131y\u0131l tatilinin sona ermesiyle birlikte Manisa\u2019da 266 bin 588 \u00f6\u011frenci ders ba\u015f\u0131 yapacak.<br \/>\n<br \/>Manisa \u0130l Milli E\u011fitim M\u00fcd\u00fcrl\u00fc\u011f\u00fc verilerine g\u00f6re, il genelinde bulunan bin 174 okul ve e\u011fitim kurumunda \u00f6\u011frenim g\u00f6ren 266 bin 588 \u00f6\u011frenci, ikinci d\u00f6nem i\u00e7in okullar\u0131na d\u00f6necek. Manisa genelinde g\u00f6rev yapan \u00f6\u011fretmen say\u0131s\u0131n\u0131n ise 20 bin 415 oldu\u011fu bildirildi.<br \/>\n<br \/>Yeni e\u011fitim d\u00f6neminin ilk g\u00fcn\u00fc, t\u00fcm okullarda d\u00fczenlenecek bayrak t\u00f6renleriyle ikinci d\u00f6nem resmi olarak ba\u015flayacak. \u00d6\u011frenciler, \u00f6\u011fretmenler ve okul y\u00f6neticileri bayrak t\u00f6renlerinde bir araya gelerek yeni d\u00f6neme ba\u015flayacak.<br \/>\n<br \/>\u0130kinci d\u00f6nemin ara tatili ise 16 Mart tarihinde ba\u015flay\u0131p 20 Mart Cuma g\u00fcn\u00fc sona erecek. E\u011fitim \u00f6\u011fretim y\u0131l\u0131, 26 Haziran Cuma g\u00fcn\u00fc tamamlanacak.<br \/>\n<br \/>Yetkililer, ikinci d\u00f6nemin \u00f6\u011frenciler i\u00e7in akademik ba\u015far\u0131y\u0131 art\u0131rma ve hedeflere odaklanma a\u00e7\u0131s\u0131ndan \u00f6nemli oldu\u011funu vurgulayarak, t\u00fcm \u00f6\u011frencilere ba\u015far\u0131l\u0131 bir d\u00f6nem diledi.<br \/><\/p>\n","protected":false},"excerpt":{"rendered":"<p>Manisa genelinde 2025-2026 E\u011fitim \u00d6\u011fretim Y\u0131l\u0131\u2019n\u0131n ikinci d\u00f6nemi, 2 \u015eubat Pazartesi g\u00fcn\u00fc ba\u015flayacak. Yar\u0131y\u0131l tatilinin sona ermesiyle birlikte Manisa\u2019da 266 bin 588 \u00f6\u011frenci ders ba\u015f\u0131 yapacak. Manisa \u0130l Milli E\u011fitim M\u00fcd\u00fcrl\u00fc\u011f\u00fc verilerine g\u00f6re, il genelinde bulunan bin 174 okul ve e\u011fitim kurumunda \u00f6\u011frenim g\u00f6ren 266 bin 588 \u00f6\u011frenci, ikinci d\u00f6nem i\u00e7in okullar\u0131na d\u00f6necek. Manisa genelinde&#8230;<\/p>\n","protected":false},"author":1,"featured_media":84491,"comment_status":"open","ping_status":"open","sticky":false,"template":"","format":"standard","meta":{"_crdt_document":"","footnotes":""},"categories":[1],"tags":[],"class_list":["post-84490","post","type-post","status-publish","format-standard","has-post-thumbnail","hentry","category-guncel"],"_links":{"self":[{"href":"https:\/\/www.egemtv.com\/index.php?rest_route=\/wp\/v2\/posts\/84490","targetHints":{"allow":["GET"]}}],"collection":[{"href":"https:\/\/www.egemtv.com\/index.php?rest_route=\/wp\/v2\/posts"}],"about":[{"href":"https:\/\/www.egemtv.com\/index.php?rest_route=\/wp\/v2\/types\/post"}],"author":[{"embeddable":true,"href":"https:\/\/www.egemtv.com\/index.php?rest_route=\/wp\/v2\/users\/1"}],"replies":[{"embeddable":true,"href":"https:\/\/www.egemtv.com\/index.php?rest_route=%2Fwp%2Fv2%2Fcomments&post=84490"}],"version-history":[{"count":1,"href":"https:\/\/www.egemtv.com\/index.php?rest_route=\/wp\/v2\/posts\/84490\/revisions"}],"predecessor-version":[{"id":84492,"href":"https:\/\/www.egemtv.com\/index.php?rest_route=\/wp\/v2\/posts\/84490\/revisions\/84492"}],"wp:featuredmedia":[{"embeddable":true,"href":"https:\/\/www.egemtv.com\/index.php?rest_route=\/wp\/v2\/media\/84491"}],"wp:attachment":[{"href":"https:\/\/www.egemtv.com\/index.php?rest_route=%2Fwp%2Fv2%2Fmedia&parent=84490"}],"wp:term":[{"taxonomy":"category","embeddable":true,"href":"https:\/\/www.egemtv.com\/index.php?rest_route=%2Fwp%2Fv2%2Fcategories&post=84490"},{"taxonomy":"post_tag","embeddable":true,"href":"https:\/\/www.egemtv.com\/index.php?rest_route=%2Fwp%2Fv2%2Ftags&post=84490"}],"curies":[{"name":"wp","href":"https:\/\/api.w.org\/{rel}","templated":true}]}}