{"id":84487,"date":"2026-02-01T13:34:51","date_gmt":"2026-02-01T10:34:51","guid":{"rendered":"https:\/\/www.egemtv.com\/?p=84487"},"modified":"2026-02-01T13:34:52","modified_gmt":"2026-02-01T10:34:52","slug":"8-kisinin-hayatini-kaybettigi-kazaya-karisan-otobus-ispartadan-son-kez-yolcu-alirken-goruntulendi","status":"publish","type":"post","link":"https:\/\/www.egemtv.com\/?p=84487","title":{"rendered":"8 ki\u015finin hayat\u0131n\u0131 kaybetti\u011fi kazaya kar\u0131\u015fan otob\u00fcs Isparta\u2019dan son kez yolcu al\u0131rken g\u00f6r\u00fcnt\u00fclendi"},"content":{"rendered":"<p>Antalya\u2019da yolcu otob\u00fcs\u00fcn\u00fcn kontrolden \u00e7\u0131karak devrilmesi sonucu meydana gelen trafik kazas\u0131nda 8 ki\u015fi hayat\u0131n\u0131 kaybetti, 26 ki\u015fi yaraland\u0131. Kazaya kar\u0131\u015fan 26 ABG 022 plakal\u0131 yolcu otob\u00fcs\u00fcn\u00fcn, sabah saat 07.57\u2019de Isparta Otogar\u0131\u2019na girerek yolcu ald\u0131\u011f\u0131 ve saat 08.27 s\u0131ralar\u0131nda otogarda son kez g\u00f6r\u00fcld\u00fc\u011f\u00fc belirlendi. Otob\u00fcs\u00fcn otogardaki giri\u015f ve \u00e7\u0131k\u0131\u015f anlar\u0131 g\u00fcvenlik kameras\u0131 g\u00f6r\u00fcnt\u00fclerine yans\u0131d\u0131.<br \/>\n<br \/>Kaza, 10.39\u2019da Antalya\u2019n\u0131n D\u00f6\u015femealt\u0131 il\u00e7esi K\u00f6m\u00fcrc\u00fcler Mahallesi Kuzey \u00c7evreyolu giri\u015finde meydana geldi. Edinilen bilgiye g\u00f6re, d\u00fcn ak\u015fam saatlerinde Tekirda\u011f\u2019dan Antalya\u2019ya do\u011fru yola \u00e7\u0131kan, i\u00e7erisinde 34 yolcu ve m\u00fcrettebat\u0131n bulundu\u011fu 26 ABG 022 plakal\u0131 yolcu otob\u00fcs\u00fc D\u00f6\u015femealt\u0131 il\u00e7esi K\u00f6m\u00fcrc\u00fcler Mahallesi\u2019nde bulunan Kuzey \u00c7evreyolu \u00e7ok katl\u0131 kav\u015fa\u011f\u0131na geldi\u011fi s\u0131rada yo\u011fun sis ve kayganla\u015fan yol sebebiyle s\u00fcr\u00fcc\u00fcs\u00fcn\u00fcn direksiyon hakimiyetini kaybetmesi sonucu devrildi. Yan yatarak yolda bir s\u00fcre s\u00fcr\u00fcklenen otob\u00fcs bariyerleri a\u015farak yakla\u015f\u0131k 15 metrelik \u015farampole devrildi.<\/p>\n<p>8 \u00f6l\u00fc, 26 yaral\u0131<br \/>\n<br \/>Devrilen otob\u00fcs\u00fcn i\u00e7erisinde ve alt\u0131nda \u00e7ok say\u0131da yolcu kal\u0131rken kazay\u0131 g\u00f6ren di\u011fer s\u00fcr\u00fcc\u00fclerin ihbar\u0131 ile olay yerine AFAD, jandarma, polis, itfaiye ve \u00e7ok say\u0131da ambulans sevk edildi. Kaza yerine, gelen ekipler ara\u00e7 i\u00e7erisinde ve alt\u0131nda kalan yolcular\u0131 \u00e7\u0131karmak i\u00e7in \u00e7al\u0131\u015fma ba\u015flatt\u0131. Yaral\u0131lar olay yerine gelen sa\u011fl\u0131k ekipleri taraf\u0131ndan ilk m\u00fcdahalelerinin ard\u0131ndan \u00e7evredeki hastanelere sevk edildi. \u0130lk belirlemelere g\u00f6re 8 ki\u015finin hayat\u0131n\u0131 kaybetti\u011fi, 26 ki\u015finin yaraland\u0131\u011f\u0131 kaza yerine gelen Antalya Valisi Hulusi \u015eahin incelemelerde bulundu.<\/p>\n<p>Isparta Otogar\u0131\u2019ndan son g\u00f6r\u00fcnt\u00fcler ortaya \u00e7\u0131kt\u0131<br \/>\n<br \/>Sabah saat 07.57\u2019de Isparta Otogar\u0131\u2019na giren 26 ABG 022 plakal\u0131 yolcu otob\u00fcs\u00fcn\u00fcn, Isparta\u2019dan yolcu ald\u0131\u011f\u0131 anlara ait g\u00fcvenlik kameras\u0131 g\u00f6r\u00fcnt\u00fcleri ortaya \u00e7\u0131kt\u0131. Otogara saat 07.57\u2019de girerek yolcular\u0131n\u0131 alan otob\u00fcs\u00fcn, saat 08.27 s\u0131ralar\u0131nda Isparta Otogar\u0131\u2019nda son kez g\u00f6r\u00fcld\u00fc\u011f\u00fc belirlendi. O anlar otogar\u0131n g\u00fcvenlik kameralar\u0131na yans\u0131d\u0131.<br \/><\/p>\n","protected":false},"excerpt":{"rendered":"<p>Antalya\u2019da yolcu otob\u00fcs\u00fcn\u00fcn kontrolden \u00e7\u0131karak devrilmesi sonucu meydana gelen trafik kazas\u0131nda 8 ki\u015fi hayat\u0131n\u0131 kaybetti, 26 ki\u015fi yaraland\u0131. Kazaya kar\u0131\u015fan 26 ABG 022 plakal\u0131 yolcu otob\u00fcs\u00fcn\u00fcn, sabah saat 07.57\u2019de Isparta Otogar\u0131\u2019na girerek yolcu ald\u0131\u011f\u0131 ve saat 08.27 s\u0131ralar\u0131nda otogarda son kez g\u00f6r\u00fcld\u00fc\u011f\u00fc belirlendi. Otob\u00fcs\u00fcn otogardaki giri\u015f ve \u00e7\u0131k\u0131\u015f anlar\u0131 g\u00fcvenlik kameras\u0131 g\u00f6r\u00fcnt\u00fclerine yans\u0131d\u0131. Kaza, 10.39\u2019da&#8230;<\/p>\n","protected":false},"author":1,"featured_media":84488,"comment_status":"open","ping_status":"open","sticky":false,"template":"","format":"standard","meta":{"_crdt_document":"","footnotes":""},"categories":[5],"tags":[],"class_list":["post-84487","post","type-post","status-publish","format-standard","has-post-thumbnail","hentry","category-asayis"],"_links":{"self":[{"href":"https:\/\/www.egemtv.com\/index.php?rest_route=\/wp\/v2\/posts\/84487","targetHints":{"allow":["GET"]}}],"collection":[{"href":"https:\/\/www.egemtv.com\/index.php?rest_route=\/wp\/v2\/posts"}],"about":[{"href":"https:\/\/www.egemtv.com\/index.php?rest_route=\/wp\/v2\/types\/post"}],"author":[{"embeddable":true,"href":"https:\/\/www.egemtv.com\/index.php?rest_route=\/wp\/v2\/users\/1"}],"replies":[{"embeddable":true,"href":"https:\/\/www.egemtv.com\/index.php?rest_route=%2Fwp%2Fv2%2Fcomments&post=84487"}],"version-history":[{"count":1,"href":"https:\/\/www.egemtv.com\/index.php?rest_route=\/wp\/v2\/posts\/84487\/revisions"}],"predecessor-version":[{"id":84489,"href":"https:\/\/www.egemtv.com\/index.php?rest_route=\/wp\/v2\/posts\/84487\/revisions\/84489"}],"wp:featuredmedia":[{"embeddable":true,"href":"https:\/\/www.egemtv.com\/index.php?rest_route=\/wp\/v2\/media\/84488"}],"wp:attachment":[{"href":"https:\/\/www.egemtv.com\/index.php?rest_route=%2Fwp%2Fv2%2Fmedia&parent=84487"}],"wp:term":[{"taxonomy":"category","embeddable":true,"href":"https:\/\/www.egemtv.com\/index.php?rest_route=%2Fwp%2Fv2%2Fcategories&post=84487"},{"taxonomy":"post_tag","embeddable":true,"href":"https:\/\/www.egemtv.com\/index.php?rest_route=%2Fwp%2Fv2%2Ftags&post=84487"}],"curies":[{"name":"wp","href":"https:\/\/api.w.org\/{rel}","templated":true}]}}