{"id":84484,"date":"2026-02-01T13:34:50","date_gmt":"2026-02-01T10:34:50","guid":{"rendered":"https:\/\/www.egemtv.com\/?p=84484"},"modified":"2026-02-01T13:34:51","modified_gmt":"2026-02-01T10:34:51","slug":"selendide-cay-ve-dereler-tasti","status":"publish","type":"post","link":"https:\/\/www.egemtv.com\/?p=84484","title":{"rendered":"Selendi\u2019de \u00e7ay ve dereler ta\u015ft\u0131"},"content":{"rendered":"<p>Manisa\u2019n\u0131n Selendi il\u00e7esinde 2 g\u00fcnd\u00fcr etkili olan sa\u011fanak, kurakl\u0131kla bo\u011fu\u015fan b\u00f6lgeye umut olurken, Selendi \u00c7ay\u0131 ve derelerin ta\u015fmas\u0131 sonucu yollar ve araziler su alt\u0131nda kald\u0131.<br \/>\n<br \/>Manisa\u2019n\u0131n Selendi il\u00e7esinde 2 g\u00fcnd\u00fcr etkili olan sa\u011fanak ya\u011fmur, \u00e7ay ve derelerin ta\u015fmas\u0131na neden olurken, baz\u0131 yollar\u0131 su bast\u0131. Uzun s\u00fcredir ya\u015fanan kurakl\u0131\u011f\u0131n ard\u0131ndan gelen ya\u011f\u0131\u015flar, vatanda\u015flara umut oldu.<br \/>\n<br \/>Ad\u0131na t\u00fcrk\u00fc yap\u0131lan Selendi \u00c7ay\u0131\u2019n\u0131n da debisinin y\u00fckselmesiyle birlikte \u00e7ay ve dereler ta\u015ft\u0131. Ta\u015fk\u0131nlar nedeniyle \u00e7ay kenar\u0131ndaki tar\u0131m arazileri su alt\u0131nda kald\u0131.<br \/>\n<br \/>Ya\u011fmurun bereket getirdi\u011fini ifade eden vatanda\u015flar, &#8220;Kurakl\u0131k nedeniyle sular \u00e7ekilmi\u015fti. \u0130n\u015fallah bu ya\u011fmurlar sayesinde sular\u0131m\u0131z bol olur. Rabbimize \u015f\u00fck\u00fcrler olsun, bu y\u0131l\u0131n bereketli olmas\u0131n\u0131 diliyoruz&#8221; \u015feklinde d\u00fc\u015f\u00fcncelerini ifade etti.<br \/>\n<br \/>Yetkililer, il\u00e7ede ya\u011f\u0131\u015flar\u0131n \u00f6n\u00fcm\u00fczdeki g\u00fcnlerde de devam etmesinin beklendi\u011fini belirtti.<br \/><\/p>\n","protected":false},"excerpt":{"rendered":"<p>Manisa\u2019n\u0131n Selendi il\u00e7esinde 2 g\u00fcnd\u00fcr etkili olan sa\u011fanak, kurakl\u0131kla bo\u011fu\u015fan b\u00f6lgeye umut olurken, Selendi \u00c7ay\u0131 ve derelerin ta\u015fmas\u0131 sonucu yollar ve araziler su alt\u0131nda kald\u0131. Manisa\u2019n\u0131n Selendi il\u00e7esinde 2 g\u00fcnd\u00fcr etkili olan sa\u011fanak ya\u011fmur, \u00e7ay ve derelerin ta\u015fmas\u0131na neden olurken, baz\u0131 yollar\u0131 su bast\u0131. Uzun s\u00fcredir ya\u015fanan kurakl\u0131\u011f\u0131n ard\u0131ndan gelen ya\u011f\u0131\u015flar, vatanda\u015flara umut oldu. Ad\u0131na&#8230;<\/p>\n","protected":false},"author":1,"featured_media":84485,"comment_status":"open","ping_status":"open","sticky":false,"template":"","format":"standard","meta":{"_crdt_document":"","footnotes":""},"categories":[1],"tags":[],"class_list":["post-84484","post","type-post","status-publish","format-standard","has-post-thumbnail","hentry","category-guncel"],"_links":{"self":[{"href":"https:\/\/www.egemtv.com\/index.php?rest_route=\/wp\/v2\/posts\/84484","targetHints":{"allow":["GET"]}}],"collection":[{"href":"https:\/\/www.egemtv.com\/index.php?rest_route=\/wp\/v2\/posts"}],"about":[{"href":"https:\/\/www.egemtv.com\/index.php?rest_route=\/wp\/v2\/types\/post"}],"author":[{"embeddable":true,"href":"https:\/\/www.egemtv.com\/index.php?rest_route=\/wp\/v2\/users\/1"}],"replies":[{"embeddable":true,"href":"https:\/\/www.egemtv.com\/index.php?rest_route=%2Fwp%2Fv2%2Fcomments&post=84484"}],"version-history":[{"count":1,"href":"https:\/\/www.egemtv.com\/index.php?rest_route=\/wp\/v2\/posts\/84484\/revisions"}],"predecessor-version":[{"id":84486,"href":"https:\/\/www.egemtv.com\/index.php?rest_route=\/wp\/v2\/posts\/84484\/revisions\/84486"}],"wp:featuredmedia":[{"embeddable":true,"href":"https:\/\/www.egemtv.com\/index.php?rest_route=\/wp\/v2\/media\/84485"}],"wp:attachment":[{"href":"https:\/\/www.egemtv.com\/index.php?rest_route=%2Fwp%2Fv2%2Fmedia&parent=84484"}],"wp:term":[{"taxonomy":"category","embeddable":true,"href":"https:\/\/www.egemtv.com\/index.php?rest_route=%2Fwp%2Fv2%2Fcategories&post=84484"},{"taxonomy":"post_tag","embeddable":true,"href":"https:\/\/www.egemtv.com\/index.php?rest_route=%2Fwp%2Fv2%2Ftags&post=84484"}],"curies":[{"name":"wp","href":"https:\/\/api.w.org\/{rel}","templated":true}]}}