{"id":84481,"date":"2026-02-01T13:14:48","date_gmt":"2026-02-01T10:14:48","guid":{"rendered":"https:\/\/www.egemtv.com\/?p=84481"},"modified":"2026-02-01T13:14:49","modified_gmt":"2026-02-01T10:14:49","slug":"cikan-yanginda-ev-kule-dondu","status":"publish","type":"post","link":"https:\/\/www.egemtv.com\/?p=84481","title":{"rendered":"\u00c7\u0131kan yang\u0131nda ev k\u00fcle d\u00f6nd\u00fc"},"content":{"rendered":"<p>Mu\u011fla\u2019n\u0131n Mente\u015fe il\u00e7esinde \u00e7\u0131kan yang\u0131nda m\u00fcstakil ev k\u00fcle d\u00f6nerken, \u015fans eser can kayb\u0131 ya\u015fanmad\u0131.<br \/>\n<br \/>Yang\u0131n, Mente\u015fe il\u00e7esi Ta\u015fl\u0131 Mahallesi\u2019nde meydana geldi. Edinilen bilgiye g\u00f6re hen\u00fcz bilinmeyen bir nedenle m\u00fcstakil evde yang\u0131n \u00e7\u0131kt\u0131. Alevleri fark eden vatanda\u015flar durumu 112 Acil \u00c7a\u011fr\u0131 Merkezi\u2019ne bildirdi. \u0130hbar \u00fczerine b\u00f6lgeye itfaiye ve jandarma ekipleri sevk edildi. \u0130tfaiye ekiplerinin m\u00fcdahalesiyle yang\u0131n kontrol alt\u0131na al\u0131narak s\u00f6nd\u00fcr\u00fcld\u00fc. Yang\u0131nda \u015fans eseri can kayb\u0131 ya da yaralanma ya\u015fanmazken, ev tamamen kullan\u0131lamaz hale geldi. Yang\u0131n\u0131n \u00e7\u0131k\u0131\u015f nedeninin belirlenmesi i\u00e7in inceleme ba\u015flat\u0131ld\u0131.<br \/><\/p>\n","protected":false},"excerpt":{"rendered":"<p>Mu\u011fla\u2019n\u0131n Mente\u015fe il\u00e7esinde \u00e7\u0131kan yang\u0131nda m\u00fcstakil ev k\u00fcle d\u00f6nerken, \u015fans eser can kayb\u0131 ya\u015fanmad\u0131. Yang\u0131n, Mente\u015fe il\u00e7esi Ta\u015fl\u0131 Mahallesi\u2019nde meydana geldi. Edinilen bilgiye g\u00f6re hen\u00fcz bilinmeyen bir nedenle m\u00fcstakil evde yang\u0131n \u00e7\u0131kt\u0131. Alevleri fark eden vatanda\u015flar durumu 112 Acil \u00c7a\u011fr\u0131 Merkezi\u2019ne bildirdi. \u0130hbar \u00fczerine b\u00f6lgeye itfaiye ve jandarma ekipleri sevk edildi. \u0130tfaiye ekiplerinin m\u00fcdahalesiyle yang\u0131n&#8230;<\/p>\n","protected":false},"author":1,"featured_media":84482,"comment_status":"open","ping_status":"open","sticky":false,"template":"","format":"standard","meta":{"_crdt_document":"","footnotes":""},"categories":[5],"tags":[],"class_list":["post-84481","post","type-post","status-publish","format-standard","has-post-thumbnail","hentry","category-asayis"],"_links":{"self":[{"href":"https:\/\/www.egemtv.com\/index.php?rest_route=\/wp\/v2\/posts\/84481","targetHints":{"allow":["GET"]}}],"collection":[{"href":"https:\/\/www.egemtv.com\/index.php?rest_route=\/wp\/v2\/posts"}],"about":[{"href":"https:\/\/www.egemtv.com\/index.php?rest_route=\/wp\/v2\/types\/post"}],"author":[{"embeddable":true,"href":"https:\/\/www.egemtv.com\/index.php?rest_route=\/wp\/v2\/users\/1"}],"replies":[{"embeddable":true,"href":"https:\/\/www.egemtv.com\/index.php?rest_route=%2Fwp%2Fv2%2Fcomments&post=84481"}],"version-history":[{"count":1,"href":"https:\/\/www.egemtv.com\/index.php?rest_route=\/wp\/v2\/posts\/84481\/revisions"}],"predecessor-version":[{"id":84483,"href":"https:\/\/www.egemtv.com\/index.php?rest_route=\/wp\/v2\/posts\/84481\/revisions\/84483"}],"wp:featuredmedia":[{"embeddable":true,"href":"https:\/\/www.egemtv.com\/index.php?rest_route=\/wp\/v2\/media\/84482"}],"wp:attachment":[{"href":"https:\/\/www.egemtv.com\/index.php?rest_route=%2Fwp%2Fv2%2Fmedia&parent=84481"}],"wp:term":[{"taxonomy":"category","embeddable":true,"href":"https:\/\/www.egemtv.com\/index.php?rest_route=%2Fwp%2Fv2%2Fcategories&post=84481"},{"taxonomy":"post_tag","embeddable":true,"href":"https:\/\/www.egemtv.com\/index.php?rest_route=%2Fwp%2Fv2%2Ftags&post=84481"}],"curies":[{"name":"wp","href":"https:\/\/api.w.org\/{rel}","templated":true}]}}