{"id":84478,"date":"2026-02-01T12:34:53","date_gmt":"2026-02-01T09:34:53","guid":{"rendered":"https:\/\/www.egemtv.com\/?p=84478"},"modified":"2026-02-01T12:34:54","modified_gmt":"2026-02-01T09:34:54","slug":"bozdoganda-okul-cevresinde-duzenlemeler-devam-ediyor","status":"publish","type":"post","link":"https:\/\/www.egemtv.com\/?p=84478","title":{"rendered":"Bozdo\u011fan\u2019da okul \u00e7evresinde d\u00fczenlemeler devam ediyor"},"content":{"rendered":"<p>Bozdo\u011fan Belediyesi, \u00dcmit G\u00fcldane Okulu\u2019nun yan\u0131nda bulunan at\u0131l alan\u0131 d\u00fczenleyerek \u00f6\u011fretmenler ve servis ara\u00e7lar\u0131 i\u00e7in modern bir otopark alan\u0131na d\u00f6n\u00fc\u015ft\u00fcrd\u00fc. Yap\u0131lan \u00e7al\u0131\u015fma ile okul \u00e7evresindeki trafik rahatlat\u0131l\u0131rken, \u00f6\u011frenci g\u00fcvenli\u011fi de art\u0131r\u0131ld\u0131.<br \/>\n<br \/>Ayd\u0131n\u2019\u0131n Bozdo\u011fan il\u00e7esinde e\u011fitim kurumlar\u0131n\u0131n fiziki \u015fartlar\u0131n\u0131 iyile\u015ftirmeye y\u00f6nelik \u00e7al\u0131\u015fmalar\u0131n\u0131 s\u00fcrd\u00fcren Bozdo\u011fan Belediyesi, Fen \u0130\u015fleri M\u00fcd\u00fcrl\u00fc\u011f\u00fc ekipleri arac\u0131l\u0131\u011f\u0131yla \u00dcmit G\u00fcldane Okulu yan\u0131nda \u00f6nemli bir \u00e7evre d\u00fczenlemesi ger\u00e7ekle\u015ftirdi. At\u0131l durumda bulunan alan, kilitli parke ta\u015f\u0131 d\u00f6\u015fenerek d\u00fczenli ve kullan\u0131\u015fl\u0131 bir otopark haline getirildi. Okul giri\u015f ve \u00e7\u0131k\u0131\u015f saatlerinde ya\u015fanan trafik yo\u011funlu\u011fu ve d\u00fczensiz parklanmay\u0131 \u00f6nlemek amac\u0131yla hayata ge\u00e7irilen \u00e7al\u0131\u015fma k\u0131sa s\u00fcrede tamamland\u0131. Yeni olu\u015fturulan alan sayesinde servis ara\u00e7lar\u0131 \u00f6\u011frenci indirip bindirme i\u015flemlerini g\u00fcvenli bir noktada yapabilecek, \u00f6\u011fretmenler ise kendilerine ayr\u0131lan alanda d\u00fczenli \u015fekilde park edebilecek. B\u00f6ylece yol \u00fczerindeki ara\u00e7 yo\u011funlu\u011fu azal\u0131rken yaya g\u00fcvenli\u011fi de art\u0131r\u0131lm\u0131\u015f oldu. Ta\u015f d\u00f6\u015feme \u00e7al\u0131\u015fmas\u0131yla b\u00f6lge, toz ve \u00e7amurdan ar\u0131nd\u0131r\u0131larak daha d\u00fczenli bir g\u00f6r\u00fcn\u00fcme kavu\u015fturuldu. Bozdo\u011fan Belediyesi yetkilileri, e\u011fitim kurumlar\u0131 \u00e7evresindeki d\u00fczenlemelerin \u00f6ncelikleri aras\u0131nda yer ald\u0131\u011f\u0131n\u0131 belirterek, benzer \u00e7al\u0131\u015fmalar\u0131n il\u00e7e genelinde ihtiya\u00e7 duyulan noktalarda devam edece\u011fini ifade etti. Ger\u00e7ekle\u015ftirilen d\u00fczenleme, okul y\u00f6netimi, veliler ve mahalle sakinleri taraf\u0131ndan memnuniyetle kar\u015f\u0131lan\u0131rken, \u00f6zellikle servis ara\u00e7lar\u0131n\u0131n art\u0131k daha g\u00fcvenli ve d\u00fczenli \u015fekilde hareket edecek olmas\u0131 \u00f6\u011frenci g\u00fcvenli\u011fi a\u00e7\u0131s\u0131ndan \u00f6nemli bir kazan\u0131m olarak de\u011ferlendirildi.<br \/><\/p>\n","protected":false},"excerpt":{"rendered":"<p>Bozdo\u011fan Belediyesi, \u00dcmit G\u00fcldane Okulu\u2019nun yan\u0131nda bulunan at\u0131l alan\u0131 d\u00fczenleyerek \u00f6\u011fretmenler ve servis ara\u00e7lar\u0131 i\u00e7in modern bir otopark alan\u0131na d\u00f6n\u00fc\u015ft\u00fcrd\u00fc. Yap\u0131lan \u00e7al\u0131\u015fma ile okul \u00e7evresindeki trafik rahatlat\u0131l\u0131rken, \u00f6\u011frenci g\u00fcvenli\u011fi de art\u0131r\u0131ld\u0131. Ayd\u0131n\u2019\u0131n Bozdo\u011fan il\u00e7esinde e\u011fitim kurumlar\u0131n\u0131n fiziki \u015fartlar\u0131n\u0131 iyile\u015ftirmeye y\u00f6nelik \u00e7al\u0131\u015fmalar\u0131n\u0131 s\u00fcrd\u00fcren Bozdo\u011fan Belediyesi, Fen \u0130\u015fleri M\u00fcd\u00fcrl\u00fc\u011f\u00fc ekipleri arac\u0131l\u0131\u011f\u0131yla \u00dcmit G\u00fcldane Okulu yan\u0131nda \u00f6nemli bir&#8230;<\/p>\n","protected":false},"author":1,"featured_media":84479,"comment_status":"open","ping_status":"open","sticky":false,"template":"","format":"standard","meta":{"_crdt_document":"","footnotes":""},"categories":[1],"tags":[],"class_list":["post-84478","post","type-post","status-publish","format-standard","has-post-thumbnail","hentry","category-guncel"],"_links":{"self":[{"href":"https:\/\/www.egemtv.com\/index.php?rest_route=\/wp\/v2\/posts\/84478","targetHints":{"allow":["GET"]}}],"collection":[{"href":"https:\/\/www.egemtv.com\/index.php?rest_route=\/wp\/v2\/posts"}],"about":[{"href":"https:\/\/www.egemtv.com\/index.php?rest_route=\/wp\/v2\/types\/post"}],"author":[{"embeddable":true,"href":"https:\/\/www.egemtv.com\/index.php?rest_route=\/wp\/v2\/users\/1"}],"replies":[{"embeddable":true,"href":"https:\/\/www.egemtv.com\/index.php?rest_route=%2Fwp%2Fv2%2Fcomments&post=84478"}],"version-history":[{"count":1,"href":"https:\/\/www.egemtv.com\/index.php?rest_route=\/wp\/v2\/posts\/84478\/revisions"}],"predecessor-version":[{"id":84480,"href":"https:\/\/www.egemtv.com\/index.php?rest_route=\/wp\/v2\/posts\/84478\/revisions\/84480"}],"wp:featuredmedia":[{"embeddable":true,"href":"https:\/\/www.egemtv.com\/index.php?rest_route=\/wp\/v2\/media\/84479"}],"wp:attachment":[{"href":"https:\/\/www.egemtv.com\/index.php?rest_route=%2Fwp%2Fv2%2Fmedia&parent=84478"}],"wp:term":[{"taxonomy":"category","embeddable":true,"href":"https:\/\/www.egemtv.com\/index.php?rest_route=%2Fwp%2Fv2%2Fcategories&post=84478"},{"taxonomy":"post_tag","embeddable":true,"href":"https:\/\/www.egemtv.com\/index.php?rest_route=%2Fwp%2Fv2%2Ftags&post=84478"}],"curies":[{"name":"wp","href":"https:\/\/api.w.org\/{rel}","templated":true}]}}