{"id":84475,"date":"2026-02-01T12:34:52","date_gmt":"2026-02-01T09:34:52","guid":{"rendered":"https:\/\/www.egemtv.com\/?p=84475"},"modified":"2026-02-01T12:34:53","modified_gmt":"2026-02-01T09:34:53","slug":"koycegizde-uretici-egitimleri-devam-ediyor","status":"publish","type":"post","link":"https:\/\/www.egemtv.com\/?p=84475","title":{"rendered":"K\u00f6yce\u011fiz\u2019de \u00fcretici e\u011fitimleri devam ediyor"},"content":{"rendered":"<p>Mu\u011fla\u2019n\u0131n K\u00f6yce\u011fiz il\u00e7esinde \u00fcretici e\u011fitimleriyle \u00e7ift\u00e7iler bilin\u00e7lendirilmeye devam ediyor.<\/p>\n<p>K\u00f6yce\u011fiz \u0130l\u00e7e Tar\u0131m ve Orman M\u00fcd\u00fcrl\u00fc\u011f\u00fc taraf\u0131ndan \u00fcreticilere y\u00f6nelik ila\u00e7lama belgesi e\u011fitimi d\u00fczenlendi. K\u00f6yce\u011fiz \u0130l\u00e7e Tar\u0131m ve Orman M\u00fcd\u00fcrl\u00fc\u011f\u00fc taraf\u0131ndan ila\u00e7lama belgesi e\u011fitimi ile ilgili yap\u0131lan a\u00e7\u0131klamada, &#8220;De\u011ferli \u00fcreticilerimiz 2 \u015eubat Pazartesi g\u00fcn\u00fc saat 10.00\u2019da K\u00f6yce\u011fiz Halk E\u011fitim Merkezi toplant\u0131 salonunda ila\u00e7lama belgesi e\u011fitimi yap\u0131lacakt\u0131r. Daha \u00f6nce al\u0131nan belgeler ge\u00e7erlidir. Belgesi olmayan \u00fcreticilerimizin e\u011fitime 1 adet foto\u011fraf ile kat\u0131lmas\u0131 ilan olunur&#8221; ifadeleri kullan\u0131ld\u0131.<br \/><\/p>\n","protected":false},"excerpt":{"rendered":"<p>Mu\u011fla\u2019n\u0131n K\u00f6yce\u011fiz il\u00e7esinde \u00fcretici e\u011fitimleriyle \u00e7ift\u00e7iler bilin\u00e7lendirilmeye devam ediyor. K\u00f6yce\u011fiz \u0130l\u00e7e Tar\u0131m ve Orman M\u00fcd\u00fcrl\u00fc\u011f\u00fc taraf\u0131ndan \u00fcreticilere y\u00f6nelik ila\u00e7lama belgesi e\u011fitimi d\u00fczenlendi. K\u00f6yce\u011fiz \u0130l\u00e7e Tar\u0131m ve Orman M\u00fcd\u00fcrl\u00fc\u011f\u00fc taraf\u0131ndan ila\u00e7lama belgesi e\u011fitimi ile ilgili yap\u0131lan a\u00e7\u0131klamada, &#8220;De\u011ferli \u00fcreticilerimiz 2 \u015eubat Pazartesi g\u00fcn\u00fc saat 10.00\u2019da K\u00f6yce\u011fiz Halk E\u011fitim Merkezi toplant\u0131 salonunda ila\u00e7lama belgesi e\u011fitimi yap\u0131lacakt\u0131r. Daha&#8230;<\/p>\n","protected":false},"author":1,"featured_media":84476,"comment_status":"open","ping_status":"open","sticky":false,"template":"","format":"standard","meta":{"_crdt_document":"","footnotes":""},"categories":[1],"tags":[],"class_list":["post-84475","post","type-post","status-publish","format-standard","has-post-thumbnail","hentry","category-guncel"],"_links":{"self":[{"href":"https:\/\/www.egemtv.com\/index.php?rest_route=\/wp\/v2\/posts\/84475","targetHints":{"allow":["GET"]}}],"collection":[{"href":"https:\/\/www.egemtv.com\/index.php?rest_route=\/wp\/v2\/posts"}],"about":[{"href":"https:\/\/www.egemtv.com\/index.php?rest_route=\/wp\/v2\/types\/post"}],"author":[{"embeddable":true,"href":"https:\/\/www.egemtv.com\/index.php?rest_route=\/wp\/v2\/users\/1"}],"replies":[{"embeddable":true,"href":"https:\/\/www.egemtv.com\/index.php?rest_route=%2Fwp%2Fv2%2Fcomments&post=84475"}],"version-history":[{"count":1,"href":"https:\/\/www.egemtv.com\/index.php?rest_route=\/wp\/v2\/posts\/84475\/revisions"}],"predecessor-version":[{"id":84477,"href":"https:\/\/www.egemtv.com\/index.php?rest_route=\/wp\/v2\/posts\/84475\/revisions\/84477"}],"wp:featuredmedia":[{"embeddable":true,"href":"https:\/\/www.egemtv.com\/index.php?rest_route=\/wp\/v2\/media\/84476"}],"wp:attachment":[{"href":"https:\/\/www.egemtv.com\/index.php?rest_route=%2Fwp%2Fv2%2Fmedia&parent=84475"}],"wp:term":[{"taxonomy":"category","embeddable":true,"href":"https:\/\/www.egemtv.com\/index.php?rest_route=%2Fwp%2Fv2%2Fcategories&post=84475"},{"taxonomy":"post_tag","embeddable":true,"href":"https:\/\/www.egemtv.com\/index.php?rest_route=%2Fwp%2Fv2%2Ftags&post=84475"}],"curies":[{"name":"wp","href":"https:\/\/api.w.org\/{rel}","templated":true}]}}