{"id":84463,"date":"2026-02-01T12:14:58","date_gmt":"2026-02-01T09:14:58","guid":{"rendered":"https:\/\/www.egemtv.com\/?p=84463"},"modified":"2026-02-01T12:14:59","modified_gmt":"2026-02-01T09:14:59","slug":"kutahya-tasarim-teknokentten-ekonomiye-24-milyon-dolarlik-yazilim-katkisi","status":"publish","type":"post","link":"https:\/\/www.egemtv.com\/?p=84463","title":{"rendered":"K\u00fctahya Tasar\u0131m Teknokent\u2019ten ekonomiye 24 milyon dolarl\u0131k yaz\u0131l\u0131m katk\u0131s\u0131"},"content":{"rendered":"<p>K\u00fctahya Tasar\u0131m Teknokent Genel M\u00fcd\u00fcr\u00fc Do\u00e7. Dr. Durmu\u015f \u00d6zdemir, Tav\u015fanl\u0131 Meslek Y\u00fcksekokulu\u2019nu ziyaret ederek akademik personel ve y\u00f6netimle bir araya geldi. Ziyarette, Teknokent\u2019in 2025 y\u0131l\u0131ndaki 24 milyon dolarl\u0131k yaz\u0131l\u0131m ihracat\u0131 ba\u015far\u0131s\u0131 vurgulan\u0131rken, \u00f6\u011frenciler i\u00e7in yeni i\u015f birli\u011fi kap\u0131lar\u0131 araland\u0131.<br \/>\n<br \/>K\u00fctahya Dumlup\u0131nar \u00dcniversitesi Rekt\u00f6r\u00fc Prof. Dr. S\u00fcleyman K\u0131z\u0131ltoprak\u2019\u0131n Y\u00f6netim Kurulu Ba\u015fkanl\u0131\u011f\u0131n\u0131 y\u00fcr\u00fctt\u00fc\u011f\u00fc K\u00fctahya Tasar\u0131m Teknokent, \u00fcniversite-sanayi i\u015f birli\u011fini g\u00fc\u00e7lendirmek amac\u0131yla saha \u00e7al\u0131\u015fmalar\u0131na h\u0131z verdi. Bu kapsamda Tav\u015fanl\u0131 Meslek Y\u00fcksekokulu M\u00fcd\u00fcr\u00fc Prof. Dr. \u0130smet \u00c7elik\u2019i ziyaret eden Genel M\u00fcd\u00fcr Do\u00e7. Dr. Durmu\u015f \u00d6zdemir, b\u00f6lgedeki giri\u015fimcilik ekosisteminin geli\u015ftirilmesine y\u00f6nelik \u00f6nemli a\u00e7\u0131klamalarda bulundu.<br \/>\n<br \/>Teknokent\u2019in faaliyetleri ve sa\u011flad\u0131\u011f\u0131 te\u015fvik imkanlar\u0131 hakk\u0131nda akademik personele sunum yapan Do\u00e7. Dr. \u00d6zdemir, kurumun b\u00fcy\u00fcme ivmesine dikkat \u00e7ekti. \u015eubat ay\u0131 itibar\u0131yla b\u00fcnyelerindeki Ar-Ge firmas\u0131 say\u0131s\u0131n\u0131n 130\u2019a ula\u015faca\u011f\u0131n\u0131 m\u00fcjdeleyen \u00d6zdemir, &#8220;Yaz\u0131l\u0131m ihracat\u0131 ger\u00e7ekle\u015ftiren Teknokent firmalar\u0131m\u0131z, 2025 y\u0131l\u0131 i\u00e7erisinde \u00fclkemize 24 milyon dolarl\u0131k bir d\u00f6viz girdisi sa\u011flayarak yerli teknoloji g\u00fcc\u00fcm\u00fcz\u00fc kan\u0131tlam\u0131\u015ft\u0131r&#8221; ifadelerini kulland\u0131.<br \/>\n<br \/>Ziyaretin en somut \u00e7\u0131kt\u0131s\u0131 ise Tav\u015fanl\u0131 MYO \u00f6\u011frencilerine y\u00f6nelik planlanan e\u011fitimler oldu. G\u00f6r\u00fc\u015fme sonunda; \u00f6\u011frencilerin giri\u015fimcilik ekosistemine dahil edilmesi, \u00f6n kulu\u00e7ka ve kulu\u00e7ka s\u00fcre\u00e7lerini yak\u0131ndan tan\u0131malar\u0131 amac\u0131yla okul b\u00fcnyesinde bir e\u011fitim semineri d\u00fczenlenmesi konusunda mutabakata var\u0131ld\u0131.<br \/>\n<br \/>\u0130\u015f birli\u011fi kapsam\u0131nda Bahar d\u00f6neminde Tav\u015fanl\u0131 MYO \u00f6\u011frencileri i\u00e7in Teknokent\u2019e teknik gezi d\u00fczenlenmesi kararla\u015ft\u0131r\u0131ld\u0131. Bu gezi ile \u00f6\u011frencilerin, ba\u015far\u0131l\u0131 giri\u015fimci firmalar\u0131n y\u00f6netici ve \u00e7al\u0131\u015fanlar\u0131yla bir araya gelerek sekt\u00f6rdeki ger\u00e7ek deneyimleri yerinde g\u00f6zlemlemesi hedefleniyor.<br \/>\n<br \/>Ziyaret, kar\u015f\u0131l\u0131kl\u0131 g\u00f6r\u00fc\u015f al\u0131\u015fveri\u015fi ve hat\u0131ra foto\u011fraf\u0131 \u00e7ekimiyle sona erdi.<br \/><\/p>\n","protected":false},"excerpt":{"rendered":"<p>K\u00fctahya Tasar\u0131m Teknokent Genel M\u00fcd\u00fcr\u00fc Do\u00e7. Dr. Durmu\u015f \u00d6zdemir, Tav\u015fanl\u0131 Meslek Y\u00fcksekokulu\u2019nu ziyaret ederek akademik personel ve y\u00f6netimle bir araya geldi. Ziyarette, Teknokent\u2019in 2025 y\u0131l\u0131ndaki 24 milyon dolarl\u0131k yaz\u0131l\u0131m ihracat\u0131 ba\u015far\u0131s\u0131 vurgulan\u0131rken, \u00f6\u011frenciler i\u00e7in yeni i\u015f birli\u011fi kap\u0131lar\u0131 araland\u0131. K\u00fctahya Dumlup\u0131nar \u00dcniversitesi Rekt\u00f6r\u00fc Prof. Dr. S\u00fcleyman K\u0131z\u0131ltoprak\u2019\u0131n Y\u00f6netim Kurulu Ba\u015fkanl\u0131\u011f\u0131n\u0131 y\u00fcr\u00fctt\u00fc\u011f\u00fc K\u00fctahya Tasar\u0131m Teknokent, \u00fcniversite-sanayi&#8230;<\/p>\n","protected":false},"author":1,"featured_media":84464,"comment_status":"open","ping_status":"open","sticky":false,"template":"","format":"standard","meta":{"_crdt_document":"","footnotes":""},"categories":[124],"tags":[],"class_list":["post-84463","post","type-post","status-publish","format-standard","has-post-thumbnail","hentry","category-bilim"],"_links":{"self":[{"href":"https:\/\/www.egemtv.com\/index.php?rest_route=\/wp\/v2\/posts\/84463","targetHints":{"allow":["GET"]}}],"collection":[{"href":"https:\/\/www.egemtv.com\/index.php?rest_route=\/wp\/v2\/posts"}],"about":[{"href":"https:\/\/www.egemtv.com\/index.php?rest_route=\/wp\/v2\/types\/post"}],"author":[{"embeddable":true,"href":"https:\/\/www.egemtv.com\/index.php?rest_route=\/wp\/v2\/users\/1"}],"replies":[{"embeddable":true,"href":"https:\/\/www.egemtv.com\/index.php?rest_route=%2Fwp%2Fv2%2Fcomments&post=84463"}],"version-history":[{"count":1,"href":"https:\/\/www.egemtv.com\/index.php?rest_route=\/wp\/v2\/posts\/84463\/revisions"}],"predecessor-version":[{"id":84465,"href":"https:\/\/www.egemtv.com\/index.php?rest_route=\/wp\/v2\/posts\/84463\/revisions\/84465"}],"wp:featuredmedia":[{"embeddable":true,"href":"https:\/\/www.egemtv.com\/index.php?rest_route=\/wp\/v2\/media\/84464"}],"wp:attachment":[{"href":"https:\/\/www.egemtv.com\/index.php?rest_route=%2Fwp%2Fv2%2Fmedia&parent=84463"}],"wp:term":[{"taxonomy":"category","embeddable":true,"href":"https:\/\/www.egemtv.com\/index.php?rest_route=%2Fwp%2Fv2%2Fcategories&post=84463"},{"taxonomy":"post_tag","embeddable":true,"href":"https:\/\/www.egemtv.com\/index.php?rest_route=%2Fwp%2Fv2%2Ftags&post=84463"}],"curies":[{"name":"wp","href":"https:\/\/api.w.org\/{rel}","templated":true}]}}