{"id":84460,"date":"2026-02-01T11:55:01","date_gmt":"2026-02-01T08:55:01","guid":{"rendered":"https:\/\/www.egemtv.com\/?p=84460"},"modified":"2026-02-01T11:55:04","modified_gmt":"2026-02-01T08:55:04","slug":"efelerde-ikinci-donem-bayrak-sevgisi-dersiyle-baslayacak","status":"publish","type":"post","link":"https:\/\/www.egemtv.com\/?p=84460","title":{"rendered":"Efeler\u2019de ikinci d\u00f6nem &#8220;Bayrak Sevgisi&#8221; dersiyle ba\u015flayacak"},"content":{"rendered":"<p>Ayd\u0131n\u2019\u0131n Efeler il\u00e7esinde 2025-2026 e\u011fitim \u00f6\u011fretim y\u0131l\u0131n\u0131n ikinci d\u00f6nemi, Milli E\u011fitim Bakanl\u0131\u011f\u0131\u2019n\u0131n &#8220;T\u00fcrkiye Y\u00fczy\u0131l\u0131 Maarif Modeli&#8221; kapsam\u0131nda t\u00fcm okullarda i\u015flenecek &#8220;Bayrak Sevgisi&#8221; temal\u0131 ilk dersle ba\u015flayacak. Bu kapsamda il\u00e7e genelindeki okullar bayraklarla donat\u0131ld\u0131.<br \/>\n<br \/>Ayd\u0131n\u2019\u0131n Efeler il\u00e7esinde 2025-2026 e\u011fitim \u00f6\u011fretim y\u0131l\u0131n\u0131n ikinci d\u00f6nemi, vatan ve bayrak sevgisini oda\u011f\u0131na alan anlaml\u0131 bir etkinlikle ba\u015flayacak. Milli E\u011fitim Bakanl\u0131\u011f\u0131 taraf\u0131ndan &#8220;T\u00fcrkiye Y\u00fczy\u0131l\u0131 Maarif Modeli&#8221; \u00e7er\u00e7evesinde haz\u0131rlanan talimat do\u011frultusunda, 2 \u015eubat Pazartesi g\u00fcn\u00fc Efeler\u2019deki resmi ve \u00f6zel t\u00fcm okullarda ilk ders &#8220;Bayrak Sevgisi&#8221; temas\u0131yla i\u015flenecek. Uygulama kapsam\u0131nda \u00f6\u011frencilerin milli ve manevi de\u011ferlerle b\u00fct\u00fcnle\u015fmesi hedeflenirken, Pazartesi sabah\u0131 d\u00fczenlenecek bayrak t\u00f6renine \u00f6\u011frencilerin imkanlar dahilinde aileleriyle birlikte ve T\u00fcrk bayraklar\u0131yla kat\u0131l\u0131m sa\u011flamalar\u0131 istendi. Okul binalar\u0131, s\u0131n\u0131flar ve koridorlar ise T\u00fcrk bayraklar\u0131yla donat\u0131larak e\u011fitim ortamlar\u0131 ay y\u0131ld\u0131zl\u0131 bayra\u011f\u0131n maneviyat\u0131na uygun \u015fekilde haz\u0131rland\u0131.<br \/>\n<br \/>&#8220;\u0130stiklal Bayrakla, \u0130stikbal Maarifle&#8221; \u015fiar\u0131yla ger\u00e7ekle\u015ftirilecek ilk derste, Milli E\u011fitim Bakanl\u0131\u011f\u0131 taraf\u0131ndan haz\u0131rlanan \u00f6zel ders planlar\u0131 uygulanacak. Hafta boyunca devam edecek fark\u0131ndal\u0131k \u00e7al\u0131\u015fmalar\u0131 kapsam\u0131nda \u00f6\u011frenciler, bayrak temal\u0131 resim, \u015fiir ve kompozisyon \u00e7al\u0131\u015fmalar\u0131 yapacak, T\u00fcrk bayra\u011f\u0131n\u0131n tarihi ve toplumsal anlam\u0131 \u00fczerine bilgilendirici sohbetlere kat\u0131lacak.<br \/>\n<br \/>Konuyla ilgili de\u011ferlendirmelerde bulunan Efeler \u0130l\u00e7e Milli E\u011fitim M\u00fcd\u00fcr\u00fc Hakan \u00d6zcan, bayrak sevgisinin yeni nesillere aktar\u0131lmas\u0131n\u0131n \u00f6nemine vurgu yapt\u0131. \u00d6zcan; &#8220;T\u00fcrkiye Y\u00fczy\u0131l\u0131 Maarif Modeli ile amac\u0131m\u0131z, \u00f6\u011frencilerimizi yaln\u0131zca akademik anlamda de\u011fil; vatan sevgisi ve milli bilin\u00e7le donanm\u0131\u015f bireyler olarak yeti\u015ftirmektir. \u015eanl\u0131 al bayra\u011f\u0131m\u0131z, ba\u011f\u0131ms\u0131zl\u0131\u011f\u0131m\u0131z\u0131n ve karde\u015fli\u011fimizin en \u00f6nemli sembol\u00fcd\u00fcr. Efeler\u2019deki t\u00fcm okullar\u0131m\u0131zda bu bilin\u00e7le hareket ederek ikinci d\u00f6neme g\u00fc\u00e7l\u00fc bir ba\u015flang\u0131\u00e7 yapaca\u011f\u0131z&#8221; dedi.<br \/>\n<br \/>Uygulama ile T\u00fcrk bayra\u011f\u0131n\u0131n sadece bir sembol de\u011fil, birlik, fedakarl\u0131k ve ba\u011f\u0131ms\u0131zl\u0131\u011f\u0131n en \u00f6nemli de\u011feri oldu\u011funa dikkat \u00e7ekilmesi ama\u00e7lan\u0131yor. Efeler\u2019deki e\u011fitim camias\u0131, ikinci d\u00f6neme bu anlaml\u0131 ba\u015flang\u0131\u00e7la ad\u0131m atmaya haz\u0131rlan\u0131yor.<br \/><\/p>\n","protected":false},"excerpt":{"rendered":"<p>Ayd\u0131n\u2019\u0131n Efeler il\u00e7esinde 2025-2026 e\u011fitim \u00f6\u011fretim y\u0131l\u0131n\u0131n ikinci d\u00f6nemi, Milli E\u011fitim Bakanl\u0131\u011f\u0131\u2019n\u0131n &#8220;T\u00fcrkiye Y\u00fczy\u0131l\u0131 Maarif Modeli&#8221; kapsam\u0131nda t\u00fcm okullarda i\u015flenecek &#8220;Bayrak Sevgisi&#8221; temal\u0131 ilk dersle ba\u015flayacak. Bu kapsamda il\u00e7e genelindeki okullar bayraklarla donat\u0131ld\u0131. Ayd\u0131n\u2019\u0131n Efeler il\u00e7esinde 2025-2026 e\u011fitim \u00f6\u011fretim y\u0131l\u0131n\u0131n ikinci d\u00f6nemi, vatan ve bayrak sevgisini oda\u011f\u0131na alan anlaml\u0131 bir etkinlikle ba\u015flayacak. Milli E\u011fitim Bakanl\u0131\u011f\u0131&#8230;<\/p>\n","protected":false},"author":1,"featured_media":84461,"comment_status":"open","ping_status":"open","sticky":false,"template":"","format":"standard","meta":{"_crdt_document":"","footnotes":""},"categories":[1],"tags":[],"class_list":["post-84460","post","type-post","status-publish","format-standard","has-post-thumbnail","hentry","category-guncel"],"_links":{"self":[{"href":"https:\/\/www.egemtv.com\/index.php?rest_route=\/wp\/v2\/posts\/84460","targetHints":{"allow":["GET"]}}],"collection":[{"href":"https:\/\/www.egemtv.com\/index.php?rest_route=\/wp\/v2\/posts"}],"about":[{"href":"https:\/\/www.egemtv.com\/index.php?rest_route=\/wp\/v2\/types\/post"}],"author":[{"embeddable":true,"href":"https:\/\/www.egemtv.com\/index.php?rest_route=\/wp\/v2\/users\/1"}],"replies":[{"embeddable":true,"href":"https:\/\/www.egemtv.com\/index.php?rest_route=%2Fwp%2Fv2%2Fcomments&post=84460"}],"version-history":[{"count":1,"href":"https:\/\/www.egemtv.com\/index.php?rest_route=\/wp\/v2\/posts\/84460\/revisions"}],"predecessor-version":[{"id":84462,"href":"https:\/\/www.egemtv.com\/index.php?rest_route=\/wp\/v2\/posts\/84460\/revisions\/84462"}],"wp:featuredmedia":[{"embeddable":true,"href":"https:\/\/www.egemtv.com\/index.php?rest_route=\/wp\/v2\/media\/84461"}],"wp:attachment":[{"href":"https:\/\/www.egemtv.com\/index.php?rest_route=%2Fwp%2Fv2%2Fmedia&parent=84460"}],"wp:term":[{"taxonomy":"category","embeddable":true,"href":"https:\/\/www.egemtv.com\/index.php?rest_route=%2Fwp%2Fv2%2Fcategories&post=84460"},{"taxonomy":"post_tag","embeddable":true,"href":"https:\/\/www.egemtv.com\/index.php?rest_route=%2Fwp%2Fv2%2Ftags&post=84460"}],"curies":[{"name":"wp","href":"https:\/\/api.w.org\/{rel}","templated":true}]}}