{"id":84457,"date":"2026-02-01T11:34:52","date_gmt":"2026-02-01T08:34:52","guid":{"rendered":"https:\/\/www.egemtv.com\/?p=84457"},"modified":"2026-02-01T11:34:53","modified_gmt":"2026-02-01T08:34:53","slug":"minik-ellere-temizlik-bilinci-asilandi","status":"publish","type":"post","link":"https:\/\/www.egemtv.com\/?p=84457","title":{"rendered":"Minik ellere temizlik bilinci a\u015f\u0131land\u0131"},"content":{"rendered":"<p>Ayd\u0131n\u2019da &#8220;Tertemiz Yar\u0131nlar Okullardan Ba\u015flar&#8221; projesi kapsam\u0131nda Halide Hatun \u0130lkokulu 2. s\u0131n\u0131f \u00f6\u011frencilerine temizlik ve hijyen bilinci kazand\u0131r\u0131ld\u0131.<br \/>\n<br \/>Milli E\u011fitim Bakanl\u0131\u011f\u0131 i\u015f birli\u011fiyle y\u00fcr\u00fct\u00fclen &#8220;Tertemiz Yar\u0131nlar Okullardan Ba\u015flar&#8221; projesi kapsam\u0131nda, Halide Hatun \u0130lkokulu 2. s\u0131n\u0131f \u00f6\u011frencileri temizlik ve hijyen konusunda bilin\u00e7lendirilerek g\u00fcnl\u00fck ya\u015famda uygulanabilir al\u0131\u015fkanl\u0131klar kazand\u0131. &#8220;Minik Eller Temiz \u00c7evre \u0130\u00e7in \u0130\u015f Ba\u015f\u0131nda&#8221; adl\u0131 kampanya \u00e7er\u00e7evesinde \u00f6\u011frenciler, do\u011fru el y\u0131kama, s\u0131n\u0131f ve okul temizli\u011fi, tuvalet kurallar\u0131na uyma ve \u00e7evreyi temiz tutma konular\u0131nda uygulamal\u0131 e\u011fitim ald\u0131. Yap\u0131lan \u00e7al\u0131\u015fmalarla \u00f6\u011frencilerin temizlik bilincini erken ya\u015fta \u00f6\u011frenmeleri ve bunu davran\u0131\u015f haline getirmeleri hedeflendi. Kampanya s\u00fcrecinde \u00f6\u011frencilerin aktif kat\u0131l\u0131m\u0131yla ger\u00e7ekle\u015ftirilen etkinliklerde, temizli\u011fin yaln\u0131zca bireysel de\u011fil toplumsal bir sorumluluk oldu\u011fu vurguland\u0131. \u00d6\u011frencilere geri d\u00f6n\u00fc\u015f\u00fcm\u00fcn \u00f6nemi de anlat\u0131larak \u00e7evreyi koruma bilinci kazand\u0131r\u0131ld\u0131.<br \/>\n<br \/>Halide Hatun \u0130lkokulu 2. s\u0131n\u0131f \u00f6\u011fretmeni G\u00fclnur Atik rehberli\u011finde y\u00fcr\u00fct\u00fclen \u00e7al\u0131\u015fmalar s\u00fcresince \u00f6\u011fretmenler, okul y\u00f6neticileri, destek personeli ve veliler de s\u00fcrece dahil oldu. Okul-aile i\u015f birli\u011fiyle y\u00fcr\u00fct\u00fclen kampanya sayesinde \u00f6\u011frencilerin temizlik al\u0131\u015fkanl\u0131klar\u0131n\u0131 g\u00fcnl\u00fck ya\u015famlar\u0131na yans\u0131tmalar\u0131 ama\u00e7land\u0131. Proje ile \u00e7ocuklar\u0131n k\u00fc\u00e7\u00fck ya\u015fta edindikleri temizlik ve hijyen al\u0131\u015fkanl\u0131klar\u0131n\u0131n sa\u011fl\u0131kl\u0131 nesillerin yeti\u015fmesine \u00f6nemli katk\u0131 sundu\u011funu belirtildi.<br \/><\/p>\n","protected":false},"excerpt":{"rendered":"<p>Ayd\u0131n\u2019da &#8220;Tertemiz Yar\u0131nlar Okullardan Ba\u015flar&#8221; projesi kapsam\u0131nda Halide Hatun \u0130lkokulu 2. s\u0131n\u0131f \u00f6\u011frencilerine temizlik ve hijyen bilinci kazand\u0131r\u0131ld\u0131. Milli E\u011fitim Bakanl\u0131\u011f\u0131 i\u015f birli\u011fiyle y\u00fcr\u00fct\u00fclen &#8220;Tertemiz Yar\u0131nlar Okullardan Ba\u015flar&#8221; projesi kapsam\u0131nda, Halide Hatun \u0130lkokulu 2. s\u0131n\u0131f \u00f6\u011frencileri temizlik ve hijyen konusunda bilin\u00e7lendirilerek g\u00fcnl\u00fck ya\u015famda uygulanabilir al\u0131\u015fkanl\u0131klar kazand\u0131. &#8220;Minik Eller Temiz \u00c7evre \u0130\u00e7in \u0130\u015f Ba\u015f\u0131nda&#8221; adl\u0131 kampanya&#8230;<\/p>\n","protected":false},"author":1,"featured_media":84458,"comment_status":"open","ping_status":"open","sticky":false,"template":"","format":"standard","meta":{"_crdt_document":"","footnotes":""},"categories":[1],"tags":[],"class_list":["post-84457","post","type-post","status-publish","format-standard","has-post-thumbnail","hentry","category-guncel"],"_links":{"self":[{"href":"https:\/\/www.egemtv.com\/index.php?rest_route=\/wp\/v2\/posts\/84457","targetHints":{"allow":["GET"]}}],"collection":[{"href":"https:\/\/www.egemtv.com\/index.php?rest_route=\/wp\/v2\/posts"}],"about":[{"href":"https:\/\/www.egemtv.com\/index.php?rest_route=\/wp\/v2\/types\/post"}],"author":[{"embeddable":true,"href":"https:\/\/www.egemtv.com\/index.php?rest_route=\/wp\/v2\/users\/1"}],"replies":[{"embeddable":true,"href":"https:\/\/www.egemtv.com\/index.php?rest_route=%2Fwp%2Fv2%2Fcomments&post=84457"}],"version-history":[{"count":1,"href":"https:\/\/www.egemtv.com\/index.php?rest_route=\/wp\/v2\/posts\/84457\/revisions"}],"predecessor-version":[{"id":84459,"href":"https:\/\/www.egemtv.com\/index.php?rest_route=\/wp\/v2\/posts\/84457\/revisions\/84459"}],"wp:featuredmedia":[{"embeddable":true,"href":"https:\/\/www.egemtv.com\/index.php?rest_route=\/wp\/v2\/media\/84458"}],"wp:attachment":[{"href":"https:\/\/www.egemtv.com\/index.php?rest_route=%2Fwp%2Fv2%2Fmedia&parent=84457"}],"wp:term":[{"taxonomy":"category","embeddable":true,"href":"https:\/\/www.egemtv.com\/index.php?rest_route=%2Fwp%2Fv2%2Fcategories&post=84457"},{"taxonomy":"post_tag","embeddable":true,"href":"https:\/\/www.egemtv.com\/index.php?rest_route=%2Fwp%2Fv2%2Ftags&post=84457"}],"curies":[{"name":"wp","href":"https:\/\/api.w.org\/{rel}","templated":true}]}}