{"id":84454,"date":"2026-02-01T11:34:51","date_gmt":"2026-02-01T08:34:51","guid":{"rendered":"https:\/\/www.egemtv.com\/?p=84454"},"modified":"2026-02-01T11:34:52","modified_gmt":"2026-02-01T08:34:52","slug":"goztepe-avrupa-hedefine-emin-adimlarla-ilerliyor","status":"publish","type":"post","link":"https:\/\/www.egemtv.com\/?p=84454","title":{"rendered":"G\u00f6ztepe, Avrupa hedefine emin ad\u0131mlarla ilerliyor"},"content":{"rendered":"<p>G\u00f6ztepe, Trendyol S\u00fcper Lig\u2019in 20. haftas\u0131nda Fatih Karag\u00fcmr\u00fck\u2019\u00fc 2-1 yenerek puan\u0131n\u0131 39\u2019a \u00e7\u0131kard\u0131 ve 4. s\u0131radaki yerini korudu.<br \/>\n<br \/>G\u00f6ztepe, sergiledi\u011fi ba\u015far\u0131l\u0131 performansla y\u00fckseli\u015fini s\u00fcrd\u00fcrmeye devam ediyor. Trendyol S\u00fcper Lig\u2019in 20. haftas\u0131nda Fatih Karag\u00fcmr\u00fck\u2019\u00fc konuk eden \u0130zmir ekibi, kar\u015f\u0131la\u015fman\u0131n hemen ba\u015f\u0131nda 1-0 geriye d\u00fc\u015fmesine ra\u011fmen ilk yar\u0131da buldu\u011fu gollerle 2-1 \u00f6ne ge\u00e7ti. M\u00fcsabakada ba\u015fka gol sesi \u00e7\u0131kmay\u0131nca Stanimir Stoilov\u2019un \u00f6\u011frencileri bu galibiyetle hanesine 3 puan\u0131 yazd\u0131rd\u0131. Bu sonu\u00e7la birlikte puan\u0131n\u0131 39\u2019a \u00e7\u0131karan G\u00f6ztepe, 4. s\u0131radaki yerini korudu ve Avrupa hedefine emin ad\u0131mlarla ilerlemeye devam etti. Sar\u0131-k\u0131rm\u0131z\u0131l\u0131lar, bu sezon ligi \u00fcst s\u0131ralarda tamamlay\u0131p yeni sezonda Avrupa kupalar\u0131nda m\u00fccadele etmeyi hedefliyor.<\/p>\n<p>Son 10 ma\u00e7ta 1 kez kaybedildi<br \/>\n<br \/>Ald\u0131\u011f\u0131 sonu\u00e7larla \u00fcst s\u0131ralara oynayan \u0130zmir ekibi, ligdeki son 10 ma\u00e7\u0131nda sadece 1 kez kaybetti. Bu s\u00fcre\u00e7te sadece Trabzonspor\u2019a yenilen sar\u0131-k\u0131rm\u0131z\u0131l\u0131lar, kalan 9 ma\u00e7ta ise 7 galibiyet ve 2 beraberlik elde etti. B\u00f6ylece Stanimir Stoilov\u2019un \u00f6\u011frencileri, son 10 ma\u00e7l\u0131k s\u00fcre\u00e7teki toplayabilece\u011fi 30 puan\u0131n 23\u2019\u00fcn\u00fc hanesine yazd\u0131rmay\u0131 ba\u015fard\u0131.<\/p>\n<p>Arda Okan Kurtalan sakatland\u0131<br \/>\n<br \/>G\u00f6ztepe\u2019de performans\u0131yla g\u00f6z dolduran 23 ya\u015f\u0131ndaki sa\u011f bek Arda Okan Kurtalan, Fatih Karag\u00fcmr\u00fck ma\u00e7\u0131nda sakatl\u0131k ya\u015fad\u0131. Bir pozisyonda ikili m\u00fccadeleye giren gen\u00e7 oyuncu, bile\u011finden sakatlanarak 57. dakikada oyundan \u00e7\u0131kmak zorunda kald\u0131. Teknik Direkt\u00f6r Stanimir Stoilov da ma\u00e7 sonras\u0131 d\u00fczenlenen bas\u0131n toplant\u0131s\u0131nda oyuncunun durumunun yap\u0131lacak kontroller sonras\u0131nda netlik kazanaca\u011f\u0131n\u0131 ifade etti.<br \/><\/p>\n","protected":false},"excerpt":{"rendered":"<p>G\u00f6ztepe, Trendyol S\u00fcper Lig\u2019in 20. haftas\u0131nda Fatih Karag\u00fcmr\u00fck\u2019\u00fc 2-1 yenerek puan\u0131n\u0131 39\u2019a \u00e7\u0131kard\u0131 ve 4. s\u0131radaki yerini korudu. G\u00f6ztepe, sergiledi\u011fi ba\u015far\u0131l\u0131 performansla y\u00fckseli\u015fini s\u00fcrd\u00fcrmeye devam ediyor. Trendyol S\u00fcper Lig\u2019in 20. haftas\u0131nda Fatih Karag\u00fcmr\u00fck\u2019\u00fc konuk eden \u0130zmir ekibi, kar\u015f\u0131la\u015fman\u0131n hemen ba\u015f\u0131nda 1-0 geriye d\u00fc\u015fmesine ra\u011fmen ilk yar\u0131da buldu\u011fu gollerle 2-1 \u00f6ne ge\u00e7ti. M\u00fcsabakada ba\u015fka gol sesi&#8230;<\/p>\n","protected":false},"author":1,"featured_media":84455,"comment_status":"open","ping_status":"open","sticky":false,"template":"","format":"standard","meta":{"_crdt_document":"","footnotes":""},"categories":[4],"tags":[],"class_list":["post-84454","post","type-post","status-publish","format-standard","has-post-thumbnail","hentry","category-spor"],"_links":{"self":[{"href":"https:\/\/www.egemtv.com\/index.php?rest_route=\/wp\/v2\/posts\/84454","targetHints":{"allow":["GET"]}}],"collection":[{"href":"https:\/\/www.egemtv.com\/index.php?rest_route=\/wp\/v2\/posts"}],"about":[{"href":"https:\/\/www.egemtv.com\/index.php?rest_route=\/wp\/v2\/types\/post"}],"author":[{"embeddable":true,"href":"https:\/\/www.egemtv.com\/index.php?rest_route=\/wp\/v2\/users\/1"}],"replies":[{"embeddable":true,"href":"https:\/\/www.egemtv.com\/index.php?rest_route=%2Fwp%2Fv2%2Fcomments&post=84454"}],"version-history":[{"count":1,"href":"https:\/\/www.egemtv.com\/index.php?rest_route=\/wp\/v2\/posts\/84454\/revisions"}],"predecessor-version":[{"id":84456,"href":"https:\/\/www.egemtv.com\/index.php?rest_route=\/wp\/v2\/posts\/84454\/revisions\/84456"}],"wp:featuredmedia":[{"embeddable":true,"href":"https:\/\/www.egemtv.com\/index.php?rest_route=\/wp\/v2\/media\/84455"}],"wp:attachment":[{"href":"https:\/\/www.egemtv.com\/index.php?rest_route=%2Fwp%2Fv2%2Fmedia&parent=84454"}],"wp:term":[{"taxonomy":"category","embeddable":true,"href":"https:\/\/www.egemtv.com\/index.php?rest_route=%2Fwp%2Fv2%2Fcategories&post=84454"},{"taxonomy":"post_tag","embeddable":true,"href":"https:\/\/www.egemtv.com\/index.php?rest_route=%2Fwp%2Fv2%2Ftags&post=84454"}],"curies":[{"name":"wp","href":"https:\/\/api.w.org\/{rel}","templated":true}]}}