{"id":84451,"date":"2026-02-01T11:14:49","date_gmt":"2026-02-01T08:14:49","guid":{"rendered":"https:\/\/www.egemtv.com\/?p=84451"},"modified":"2026-02-01T11:14:51","modified_gmt":"2026-02-01T08:14:51","slug":"buyuksehir-ekipleri-tum-canlilar-icin-ayni-ozveriyle-calisiyor","status":"publish","type":"post","link":"https:\/\/www.egemtv.com\/?p=84451","title":{"rendered":"B\u00fcy\u00fck\u015fehir ekipleri t\u00fcm canl\u0131lar i\u00e7in ayn\u0131 \u00f6zveriyle \u00e7al\u0131\u015f\u0131yor"},"content":{"rendered":"<p>Sa\u011fanak ya\u011f\u0131\u015flara kar\u015f\u0131 sahada olan \u0130zmir B\u00fcy\u00fck\u015fehir Belediyesi ekipleri, t\u00fcm canl\u0131lar\u0131 koruyarak y\u00fcrekleri \u0131s\u0131tan g\u00f6r\u00fcnt\u00fclere imza at\u0131yor. \u015eiddetli ya\u011f\u0131\u015f nedeniyle ah\u0131rda mahsur kalan koyun ve tavuklar\u0131 kurtaran itfaiye erleri, hayvanlar\u0131 elleriyle besledi. Zab\u0131ta ekiplerince yaral\u0131 \u015fekilde bulunan g\u00fcvercin ise veteriner hekimlere teslim edilerek h\u0131zla tedavi alt\u0131na al\u0131nd\u0131.<br \/>\n<br \/>\u0130zmir B\u00fcy\u00fck\u015fehir Belediyesi ekipleri, \u0130zmir\u2019de g\u00fcnlerdir etkisini s\u00fcrd\u00fcren sa\u011fanak ya\u011f\u0131\u015flara kar\u015f\u0131 t\u00fcm canl\u0131lar i\u00e7in ayn\u0131 \u00f6zveriyle \u00e7al\u0131\u015f\u0131yor. Ekipler, \u0130zmir\u2019in d\u00f6rt bir yan\u0131ndan gelen ihbarlara an\u0131nda yan\u0131t verirken, yurtta\u015flar\u0131n ve canl\u0131lar\u0131n g\u00fcvenli\u011fi i\u00e7in yo\u011fun bir mesai harc\u0131yor. Sahada her canl\u0131 i\u00e7in g\u00f6sterilen hassasiyet, kente umut veriyor. Ya\u011f\u0131\u015flar\u0131n olumsuz etkiledi\u011fi il\u00e7elerden Torbal\u0131\u2019da \u00e7al\u0131\u015fma yapan \u0130zmir B\u00fcy\u00fck\u015fehir Belediyesi \u0130tfaiye Dairesi Ba\u015fkanl\u0131\u011f\u0131 ekipleri, G\u00f6ll\u00fcce Mahallesi 729 Sokak\u2019ta su basan bir ah\u0131rda mahsur kalan koyun ve tavuklar i\u00e7in seferber oldu. Hayvanlar, ekiplerin dikkatli ve \u00f6zverili \u00e7al\u0131\u015fmas\u0131yla tahliye edildi. Kurtar\u0131lan hayvanlar\u0131n yem ve su ihtiya\u00e7lar\u0131 da ekiplerce kar\u015f\u0131land\u0131. Bir itfaiye erinin koyunlar\u0131 elleri ile beslemesi ise y\u00fcrekleri \u0131s\u0131tt\u0131. B\u00f6lgede biriken sular\u0131n tahliyesi i\u00e7in su \u00e7ekme \u00e7al\u0131\u015fmalar\u0131 da e\u015f zamanl\u0131 olarak y\u00fcr\u00fct\u00fcld\u00fc.<\/p>\n<p>Yaral\u0131 g\u00fcvercin \u015fifa buldu<br \/>\n<br \/>Zor g\u00fcnlerde dayan\u0131\u015fmay\u0131 b\u00fcy\u00fcten \u0130zmir B\u00fcy\u00fck\u015fehir Belediyesi ekipleri, ya\u011fmurun alt\u0131nda umudu ayakta tutmaya devam ediyor. Bu anlay\u0131\u015f\u0131n bir ba\u015fka \u00f6rne\u011fi ise \u0130zmir B\u00fcy\u00fck\u015fehir Belediyesi Zab\u0131ta Dairesi Ba\u015fkanl\u0131\u011f\u0131 ekiplerinin yaral\u0131 halde buldu\u011fu yaban g\u00fcvercininde g\u00f6r\u00fcld\u00fc. Ekipler, yaral\u0131 g\u00fcvercine hassasiyetle yakla\u015farak, onu Veteriner \u0130\u015fleri Dairesi Ba\u015fkanl\u0131\u011f\u0131 Hayvan Sa\u011fl\u0131\u011f\u0131 \u015eube M\u00fcd\u00fcrl\u00fc\u011f\u00fc\u2019ne ba\u011fl\u0131 K\u00fclt\u00fcrpark K\u00fc\u00e7\u00fck Hayvan Poliklini\u011fi\u2019ne getirdi. Veteriner hekimler, g\u00fcvercine hemen m\u00fcdahale etti. G\u00fcvercinin sa\u011f kanad\u0131nda a\u00e7\u0131k yara ve sa\u011f g\u00f6z \u00e7evresinde travmatik bulgular tespit edildi. K\u0131r\u0131k olmad\u0131\u011f\u0131 saptanan g\u00fcvercinin yaralar\u0131 temizlenerek tedavisi yap\u0131ld\u0131. G\u00fcvercin sa\u011fl\u0131\u011f\u0131na kavu\u015ftuktan sonra Do\u011fa Koruma ve Milli Parklar \u0130zmir \u015eube M\u00fcd\u00fcrl\u00fc\u011f\u00fc\u2019ne teslim edilecek.<br \/><\/p>\n","protected":false},"excerpt":{"rendered":"<p>Sa\u011fanak ya\u011f\u0131\u015flara kar\u015f\u0131 sahada olan \u0130zmir B\u00fcy\u00fck\u015fehir Belediyesi ekipleri, t\u00fcm canl\u0131lar\u0131 koruyarak y\u00fcrekleri \u0131s\u0131tan g\u00f6r\u00fcnt\u00fclere imza at\u0131yor. \u015eiddetli ya\u011f\u0131\u015f nedeniyle ah\u0131rda mahsur kalan koyun ve tavuklar\u0131 kurtaran itfaiye erleri, hayvanlar\u0131 elleriyle besledi. Zab\u0131ta ekiplerince yaral\u0131 \u015fekilde bulunan g\u00fcvercin ise veteriner hekimlere teslim edilerek h\u0131zla tedavi alt\u0131na al\u0131nd\u0131. \u0130zmir B\u00fcy\u00fck\u015fehir Belediyesi ekipleri, \u0130zmir\u2019de g\u00fcnlerdir etkisini s\u00fcrd\u00fcren&#8230;<\/p>\n","protected":false},"author":1,"featured_media":84452,"comment_status":"open","ping_status":"open","sticky":false,"template":"","format":"standard","meta":{"_crdt_document":"","footnotes":""},"categories":[1],"tags":[],"class_list":["post-84451","post","type-post","status-publish","format-standard","has-post-thumbnail","hentry","category-guncel"],"_links":{"self":[{"href":"https:\/\/www.egemtv.com\/index.php?rest_route=\/wp\/v2\/posts\/84451","targetHints":{"allow":["GET"]}}],"collection":[{"href":"https:\/\/www.egemtv.com\/index.php?rest_route=\/wp\/v2\/posts"}],"about":[{"href":"https:\/\/www.egemtv.com\/index.php?rest_route=\/wp\/v2\/types\/post"}],"author":[{"embeddable":true,"href":"https:\/\/www.egemtv.com\/index.php?rest_route=\/wp\/v2\/users\/1"}],"replies":[{"embeddable":true,"href":"https:\/\/www.egemtv.com\/index.php?rest_route=%2Fwp%2Fv2%2Fcomments&post=84451"}],"version-history":[{"count":1,"href":"https:\/\/www.egemtv.com\/index.php?rest_route=\/wp\/v2\/posts\/84451\/revisions"}],"predecessor-version":[{"id":84453,"href":"https:\/\/www.egemtv.com\/index.php?rest_route=\/wp\/v2\/posts\/84451\/revisions\/84453"}],"wp:featuredmedia":[{"embeddable":true,"href":"https:\/\/www.egemtv.com\/index.php?rest_route=\/wp\/v2\/media\/84452"}],"wp:attachment":[{"href":"https:\/\/www.egemtv.com\/index.php?rest_route=%2Fwp%2Fv2%2Fmedia&parent=84451"}],"wp:term":[{"taxonomy":"category","embeddable":true,"href":"https:\/\/www.egemtv.com\/index.php?rest_route=%2Fwp%2Fv2%2Fcategories&post=84451"},{"taxonomy":"post_tag","embeddable":true,"href":"https:\/\/www.egemtv.com\/index.php?rest_route=%2Fwp%2Fv2%2Ftags&post=84451"}],"curies":[{"name":"wp","href":"https:\/\/api.w.org\/{rel}","templated":true}]}}