{"id":84448,"date":"2026-02-01T11:14:48","date_gmt":"2026-02-01T08:14:48","guid":{"rendered":"https:\/\/www.egemtv.com\/?p=84448"},"modified":"2026-02-01T11:14:49","modified_gmt":"2026-02-01T08:14:49","slug":"honazda-somestr-eglencesi-muzikle-renklendi","status":"publish","type":"post","link":"https:\/\/www.egemtv.com\/?p=84448","title":{"rendered":"Honaz\u2019da s\u00f6mestr e\u011flencesi m\u00fczikle renklendi"},"content":{"rendered":"<p>Honaz Belediyesi\u2019nin s\u00f6mestr tatiline \u00f6zel d\u00fczenledi\u011fi \u015fenlikte, \u00e7ocuklar ve aileler Rota Band grubu konseriyle e\u011flence dolu bir ak\u015fam ya\u015fad\u0131.<\/p>\n<p>Honaz Belediyesi taraf\u0131ndan s\u00f6mestr tatiline \u00f6zel olarak haz\u0131rlanan \u015fenlik, m\u00fczik dolu bir ak\u015famla ta\u00e7land\u0131. Honaz Kapal\u0131 Pazar Yeri\u2019nde ger\u00e7ekle\u015ftirilen organizasyonda sahne alan Rota Band grubu, enerjik performans\u0131yla \u00e7ocuklara ve ailelerine unutulmaz anlar ya\u015fatt\u0131. Yo\u011fun kat\u0131l\u0131m\u0131n oldu\u011fu gecede ROTA BAND\u2019\u0131n hareketli \u015fark\u0131lar\u0131 ve sahne \u015fovlar\u0131 \u00f6zellikle \u00e7ocuklardan b\u00fcy\u00fck ilgi g\u00f6rd\u00fc. Ailelerin de keyifle izledi\u011fi konser, s\u00f6mestr tatilinin co\u015fkusunu hep birlikte ya\u015fama f\u0131rsat\u0131 sundu.<br \/>\n<br \/>Honaz Belediye Ba\u015fkan\u0131 Y\u00fcksel Kepenek, etkinlikte yapt\u0131\u011f\u0131 konu\u015fmada \u00e7ocuklar\u0131n mutlulu\u011funun kendileri i\u00e7in b\u00fcy\u00fck \u00f6nem ta\u015f\u0131d\u0131\u011f\u0131n\u0131 vurgulayarak, &#8220;\u00c7ocuklar\u0131n mutlulu\u011fu hepimize hem umut veriyor hem de ayr\u0131 bir gurur veriyor. Onlar\u0131n y\u00fczlerindeki her bir g\u00fcl\u00fcc\u00fck hesaps\u0131z, art niyet ta\u015f\u0131mayan temiz duygular\u0131n ifadesi. Bu nedenle \u00e7ocuklar\u0131m\u0131z\u0131n g\u00fclmesinden b\u00fcy\u00fck mutluluk duyuyoruz. Aileler de \u00e7ocuklar mutlu oldu\u011funda mutlu oluyor; b\u00f6ylece ikinci d\u00f6neme daha dinlenmi\u015f ve huzurlu giriyorlar&#8221; dedi.<\/p>\n<p>Bu t\u00fcr etkinliklerin devam edece\u011fini belirten Ba\u015fkan Kepenek, &#8220;Umar\u0131m \u00e7ocuklar\u0131m\u0131z\u0131 bu tarz etkinliklerle daha \u00e7ok bulu\u015fturarak, akademik hayatta daha ba\u015far\u0131l\u0131 olacaklar\u0131 bir ortam geli\u015ftirebiliriz. Sosyal ya\u015famlar\u0131 g\u00fc\u00e7l\u00fc olan \u00e7ocuklar\u0131n akademik hayatlar\u0131 da g\u00fc\u00e7l\u00fc oluyor. Kat\u0131l\u0131m sabahtan beri ger\u00e7ekten muhte\u015femdi; neredeyse il\u00e7emizdeki \u00e7ocuklar\u0131n tamam\u0131 buradayd\u0131. Hava \u015fu saatlerde biraz daha serinledi ama g\u00fcnd\u00fcz saatlerinde adeta i\u011fne atsan yere d\u00fc\u015fmezdi. Gelen t\u00fcm \u00e7ocuklara ve ailelerine te\u015fekk\u00fcr ediyorum&#8221; ifadelerini kulland\u0131.<br \/><\/p>\n","protected":false},"excerpt":{"rendered":"<p>Honaz Belediyesi\u2019nin s\u00f6mestr tatiline \u00f6zel d\u00fczenledi\u011fi \u015fenlikte, \u00e7ocuklar ve aileler Rota Band grubu konseriyle e\u011flence dolu bir ak\u015fam ya\u015fad\u0131. Honaz Belediyesi taraf\u0131ndan s\u00f6mestr tatiline \u00f6zel olarak haz\u0131rlanan \u015fenlik, m\u00fczik dolu bir ak\u015famla ta\u00e7land\u0131. Honaz Kapal\u0131 Pazar Yeri\u2019nde ger\u00e7ekle\u015ftirilen organizasyonda sahne alan Rota Band grubu, enerjik performans\u0131yla \u00e7ocuklara ve ailelerine unutulmaz anlar ya\u015fatt\u0131. Yo\u011fun kat\u0131l\u0131m\u0131n oldu\u011fu&#8230;<\/p>\n","protected":false},"author":1,"featured_media":84449,"comment_status":"open","ping_status":"open","sticky":false,"template":"","format":"standard","meta":{"_crdt_document":"","footnotes":""},"categories":[1],"tags":[],"class_list":["post-84448","post","type-post","status-publish","format-standard","has-post-thumbnail","hentry","category-guncel"],"_links":{"self":[{"href":"https:\/\/www.egemtv.com\/index.php?rest_route=\/wp\/v2\/posts\/84448","targetHints":{"allow":["GET"]}}],"collection":[{"href":"https:\/\/www.egemtv.com\/index.php?rest_route=\/wp\/v2\/posts"}],"about":[{"href":"https:\/\/www.egemtv.com\/index.php?rest_route=\/wp\/v2\/types\/post"}],"author":[{"embeddable":true,"href":"https:\/\/www.egemtv.com\/index.php?rest_route=\/wp\/v2\/users\/1"}],"replies":[{"embeddable":true,"href":"https:\/\/www.egemtv.com\/index.php?rest_route=%2Fwp%2Fv2%2Fcomments&post=84448"}],"version-history":[{"count":1,"href":"https:\/\/www.egemtv.com\/index.php?rest_route=\/wp\/v2\/posts\/84448\/revisions"}],"predecessor-version":[{"id":84450,"href":"https:\/\/www.egemtv.com\/index.php?rest_route=\/wp\/v2\/posts\/84448\/revisions\/84450"}],"wp:featuredmedia":[{"embeddable":true,"href":"https:\/\/www.egemtv.com\/index.php?rest_route=\/wp\/v2\/media\/84449"}],"wp:attachment":[{"href":"https:\/\/www.egemtv.com\/index.php?rest_route=%2Fwp%2Fv2%2Fmedia&parent=84448"}],"wp:term":[{"taxonomy":"category","embeddable":true,"href":"https:\/\/www.egemtv.com\/index.php?rest_route=%2Fwp%2Fv2%2Fcategories&post=84448"},{"taxonomy":"post_tag","embeddable":true,"href":"https:\/\/www.egemtv.com\/index.php?rest_route=%2Fwp%2Fv2%2Ftags&post=84448"}],"curies":[{"name":"wp","href":"https:\/\/api.w.org\/{rel}","templated":true}]}}