{"id":84445,"date":"2026-02-01T10:54:45","date_gmt":"2026-02-01T07:54:45","guid":{"rendered":"https:\/\/www.egemtv.com\/?p=84445"},"modified":"2026-02-01T10:54:46","modified_gmt":"2026-02-01T07:54:46","slug":"ulku-ocaklari-bayindirda-gencleri-bir-araya-getirdi","status":"publish","type":"post","link":"https:\/\/www.egemtv.com\/?p=84445","title":{"rendered":"\u00dclk\u00fc Ocaklar\u0131 Bay\u0131nd\u0131r\u2019da gen\u00e7leri bir araya getirdi"},"content":{"rendered":"<p>\u0130zmir\u2019in Bay\u0131nd\u0131r il\u00e7esinde \u00dclk\u00fc Ocaklar\u0131 \u0130zmir \u0130l Ba\u015fkanl\u0131\u011f\u0131 taraf\u0131ndan d\u00fczenlenen S\u00f6mestr Tatili Kamp Program\u0131 tamamland\u0131. \u0130zmir\u2019in farkl\u0131 il\u00e7elerinden gelen \u00f6\u011frencilerin kat\u0131l\u0131m\u0131yla ger\u00e7ekle\u015ftirilen kampta; e\u011fitim faaliyetleri, sportif etkinlikler, seminerler, yar\u0131\u015fmalar ve sosyal etkinlikler d\u00fczenlendi.<br \/>\n<br \/>Yar\u0131y\u0131l tatili boyunca devam eden kamp program\u0131 s\u00fcresince gen\u00e7lerle bir araya gelinerek hem e\u011fitici hem de sosyal a\u00e7\u0131dan verimli bir s\u00fcre\u00e7 ya\u015fand\u0131\u011f\u0131 belirtildi. Program\u0131n, gen\u00e7lerin ki\u015fisel geli\u015fimlerine katk\u0131 sa\u011flamas\u0131n\u0131n yan\u0131 s\u0131ra birlik, beraberlik ve sosyal dayan\u0131\u015fma duygular\u0131n\u0131 g\u00fc\u00e7lendirdi\u011fi ifade edildi.<br \/>\n<br \/>\u00dclk\u00fc Ocaklar\u0131 \u0130zmir \u0130l Ba\u015fkan\u0131 Burak K\u0131l\u0131\u00e7 Bay\u0131nd\u0131r\u2019da Yusuf Ak\u00e7ura Yar\u0131y\u0131l E\u011fitim Program\u0131 kapsam\u0131nda iki g\u00fcn s\u00fcren bir kamp ger\u00e7ekle\u015ftirdiklerini belirterek, spor, e\u011fitim, seminer ve sosyal faaliyetlerle dolu bir program uyguland\u0131\u011f\u0131n\u0131 ifade etti. K\u0131l\u0131\u00e7, &#8220;Bu s\u00fcre\u00e7te birlikte kald\u0131k, birlikte hareket ettik. Ayn\u0131 sofrada bulu\u015ftuk, ayn\u0131 hedefe y\u00fcr\u00fcd\u00fck. Dilimizde, fikrimizde ve i\u015flerimizde birlik vard\u0131. Bu kamp; gen\u00e7lerimizin bilgiyle, duru\u015fla, disiplinle ve dava \u015fuuruyla g\u00fc\u00e7lendi\u011fi bir e\u011fitim s\u00fcreci oldu. Orta\u00f6\u011fretim ba\u015fkanlar\u0131m\u0131z te\u015fkilat\u0131m\u0131z\u0131n d\u00fcn\u00fc veya yar\u0131nlar\u0131 de\u011fil, tam da bug\u00fcn\u00fcd\u00fcr&#8221; diye konu\u015ftu.<br \/>\n<br \/>Kamp program\u0131na ili\u015fkin a\u00e7\u0131klamalarda bulunan MHP Bay\u0131nd\u0131r \u0130l\u00e7e Ba\u015fkan\u0131 Mehmet Karakaya, gen\u00e7li\u011fe yap\u0131lan her yat\u0131r\u0131m\u0131n T\u00fcrkiye\u2019nin gelece\u011fine yap\u0131lan en de\u011ferli yat\u0131r\u0131m oldu\u011funu vurgulayarak, &#8220;\u00dclk\u00fc Ocaklar\u0131m\u0131z\u0131n gen\u00e7lerimiz i\u00e7in haz\u0131rlad\u0131\u011f\u0131 bu t\u00fcr kamplar; birlik, beraberlik ve milli \u015fuurun g\u00fc\u00e7lenmesine b\u00fcy\u00fck katk\u0131 sa\u011flamaktad\u0131r. Gen\u00e7lerimizin hem e\u011fitici hem de sosyal anlamda donan\u0131ml\u0131 bireyler olarak yeti\u015fmesi bizler i\u00e7in son derece k\u0131ymetlidir. Bu anlaml\u0131 organizasyonun il\u00e7emizde ger\u00e7ekle\u015ftirilmesinden b\u00fcy\u00fck memnuniyet duyuyoruz&#8221; dedi.<br \/>\n<br \/>Kamp\u0131n hayata ge\u00e7irilmesinde eme\u011fi ge\u00e7enlere te\u015fekk\u00fcr eden Karakaya, \u00dclk\u00fc Ocaklar\u0131 \u0130zmir \u0130l Ba\u015fkan\u0131 Burak K\u0131l\u0131\u00e7\u2019a, ev sahipli\u011fi yapan Bozda\u011f Spor Kul\u00fcb\u00fc Ba\u015fkan\u0131 Mehmet Y\u0131lmaz\u2019a ve kamp s\u00fcresince g\u00f6rev alan t\u00fcm g\u00f6n\u00fclda\u015flara te\u015fekk\u00fcrlerini iletti. Kamp program\u0131n\u0131n, gen\u00e7lerin sosyal geli\u015fimine ve dayan\u0131\u015fma k\u00fclt\u00fcr\u00fcne \u00f6nemli katk\u0131lar sa\u011flad\u0131\u011f\u0131 kaydedildi.<br \/><\/p>\n","protected":false},"excerpt":{"rendered":"<p>\u0130zmir\u2019in Bay\u0131nd\u0131r il\u00e7esinde \u00dclk\u00fc Ocaklar\u0131 \u0130zmir \u0130l Ba\u015fkanl\u0131\u011f\u0131 taraf\u0131ndan d\u00fczenlenen S\u00f6mestr Tatili Kamp Program\u0131 tamamland\u0131. \u0130zmir\u2019in farkl\u0131 il\u00e7elerinden gelen \u00f6\u011frencilerin kat\u0131l\u0131m\u0131yla ger\u00e7ekle\u015ftirilen kampta; e\u011fitim faaliyetleri, sportif etkinlikler, seminerler, yar\u0131\u015fmalar ve sosyal etkinlikler d\u00fczenlendi. Yar\u0131y\u0131l tatili boyunca devam eden kamp program\u0131 s\u00fcresince gen\u00e7lerle bir araya gelinerek hem e\u011fitici hem de sosyal a\u00e7\u0131dan verimli bir s\u00fcre\u00e7 ya\u015fand\u0131\u011f\u0131&#8230;<\/p>\n","protected":false},"author":1,"featured_media":84446,"comment_status":"open","ping_status":"open","sticky":false,"template":"","format":"standard","meta":{"_crdt_document":"","footnotes":""},"categories":[1],"tags":[],"class_list":["post-84445","post","type-post","status-publish","format-standard","has-post-thumbnail","hentry","category-guncel"],"_links":{"self":[{"href":"https:\/\/www.egemtv.com\/index.php?rest_route=\/wp\/v2\/posts\/84445","targetHints":{"allow":["GET"]}}],"collection":[{"href":"https:\/\/www.egemtv.com\/index.php?rest_route=\/wp\/v2\/posts"}],"about":[{"href":"https:\/\/www.egemtv.com\/index.php?rest_route=\/wp\/v2\/types\/post"}],"author":[{"embeddable":true,"href":"https:\/\/www.egemtv.com\/index.php?rest_route=\/wp\/v2\/users\/1"}],"replies":[{"embeddable":true,"href":"https:\/\/www.egemtv.com\/index.php?rest_route=%2Fwp%2Fv2%2Fcomments&post=84445"}],"version-history":[{"count":1,"href":"https:\/\/www.egemtv.com\/index.php?rest_route=\/wp\/v2\/posts\/84445\/revisions"}],"predecessor-version":[{"id":84447,"href":"https:\/\/www.egemtv.com\/index.php?rest_route=\/wp\/v2\/posts\/84445\/revisions\/84447"}],"wp:featuredmedia":[{"embeddable":true,"href":"https:\/\/www.egemtv.com\/index.php?rest_route=\/wp\/v2\/media\/84446"}],"wp:attachment":[{"href":"https:\/\/www.egemtv.com\/index.php?rest_route=%2Fwp%2Fv2%2Fmedia&parent=84445"}],"wp:term":[{"taxonomy":"category","embeddable":true,"href":"https:\/\/www.egemtv.com\/index.php?rest_route=%2Fwp%2Fv2%2Fcategories&post=84445"},{"taxonomy":"post_tag","embeddable":true,"href":"https:\/\/www.egemtv.com\/index.php?rest_route=%2Fwp%2Fv2%2Ftags&post=84445"}],"curies":[{"name":"wp","href":"https:\/\/api.w.org\/{rel}","templated":true}]}}