{"id":84442,"date":"2026-02-01T10:34:47","date_gmt":"2026-02-01T07:34:47","guid":{"rendered":"https:\/\/www.egemtv.com\/?p=84442"},"modified":"2026-02-01T10:34:48","modified_gmt":"2026-02-01T07:34:48","slug":"aydinli-guresci-trabzondan-madalyayla-dondu","status":"publish","type":"post","link":"https:\/\/www.egemtv.com\/?p=84442","title":{"rendered":"Ayd\u0131nl\u0131 g\u00fcre\u015f\u00e7i, Trabzondan madalyayla d\u00f6nd\u00fc"},"content":{"rendered":"<p>Trabzon\u2019da ger\u00e7ekle\u015ftirilen G\u00fcre\u015f \u015eampiyonas\u0131\u2019nda m\u00fccadele eden Ayd\u0131nl\u0131 sporcu Suna Durmaz, 56 kiloda g\u00fcm\u00fc\u015f madalyan\u0131n sahibi oldu.<br \/>\n<br \/>U-23 T\u00fcrkiye Kad\u0131nlar G\u00fcre\u015f \u015eampiyonas\u0131, Trabzon\u2019un ev sahipli\u011finde ger\u00e7ekle\u015ftirildi. Kad\u0131nlar kategorisinde 36 kul\u00fcpten 147 sporcunun kat\u0131ld\u0131\u011f\u0131 \u015fampiyonada m\u00fccadele eden Ayd\u0131nl\u0131 sporcu Suna Durmaz ise \u015fampiyonay\u0131 ba\u015far\u0131yla tamamlad\u0131. 59 kilogramda m\u00fccadele eden Durmaz, g\u00fcm\u00fc\u015f madalyan\u0131n sahibi oldu.<br \/>\n<br \/>Ba\u015far\u0131l\u0131 sporcuyu tebrik eden Ayd\u0131n Gen\u00e7lik ve Spor \u0130l M\u00fcd\u00fcrl\u00fc\u011f\u00fc\u2019nden yap\u0131lan a\u00e7\u0131klamada &#8220;Trabzon\u2019da d\u00fczenlenen U-23 Kad\u0131nlar T\u00fcrkiye G\u00fcre\u015f \u015eampiyonas\u0131\u2019nda 59 kilogramda m\u00fccadele eden sporcumuz Suna Durmaz, g\u00fcm\u00fc\u015f madalyan\u0131n sahibi oldu. Sporcumuzu ve bu ba\u015far\u0131da eme\u011fi ge\u00e7en antren\u00f6r\u00fc Veli Eri\u015f\u2019i y\u00fcrekten kutluyor, ba\u015far\u0131lar\u0131n\u0131n devam\u0131n\u0131 diliyoruz&#8221; ifadeleri yer ald\u0131.<br \/><\/p>\n","protected":false},"excerpt":{"rendered":"<p>Trabzon\u2019da ger\u00e7ekle\u015ftirilen G\u00fcre\u015f \u015eampiyonas\u0131\u2019nda m\u00fccadele eden Ayd\u0131nl\u0131 sporcu Suna Durmaz, 56 kiloda g\u00fcm\u00fc\u015f madalyan\u0131n sahibi oldu. U-23 T\u00fcrkiye Kad\u0131nlar G\u00fcre\u015f \u015eampiyonas\u0131, Trabzon\u2019un ev sahipli\u011finde ger\u00e7ekle\u015ftirildi. Kad\u0131nlar kategorisinde 36 kul\u00fcpten 147 sporcunun kat\u0131ld\u0131\u011f\u0131 \u015fampiyonada m\u00fccadele eden Ayd\u0131nl\u0131 sporcu Suna Durmaz ise \u015fampiyonay\u0131 ba\u015far\u0131yla tamamlad\u0131. 59 kilogramda m\u00fccadele eden Durmaz, g\u00fcm\u00fc\u015f madalyan\u0131n sahibi oldu. Ba\u015far\u0131l\u0131 sporcuyu tebrik&#8230;<\/p>\n","protected":false},"author":1,"featured_media":84443,"comment_status":"open","ping_status":"open","sticky":false,"template":"","format":"standard","meta":{"_crdt_document":"","footnotes":""},"categories":[4],"tags":[],"class_list":["post-84442","post","type-post","status-publish","format-standard","has-post-thumbnail","hentry","category-spor"],"_links":{"self":[{"href":"https:\/\/www.egemtv.com\/index.php?rest_route=\/wp\/v2\/posts\/84442","targetHints":{"allow":["GET"]}}],"collection":[{"href":"https:\/\/www.egemtv.com\/index.php?rest_route=\/wp\/v2\/posts"}],"about":[{"href":"https:\/\/www.egemtv.com\/index.php?rest_route=\/wp\/v2\/types\/post"}],"author":[{"embeddable":true,"href":"https:\/\/www.egemtv.com\/index.php?rest_route=\/wp\/v2\/users\/1"}],"replies":[{"embeddable":true,"href":"https:\/\/www.egemtv.com\/index.php?rest_route=%2Fwp%2Fv2%2Fcomments&post=84442"}],"version-history":[{"count":1,"href":"https:\/\/www.egemtv.com\/index.php?rest_route=\/wp\/v2\/posts\/84442\/revisions"}],"predecessor-version":[{"id":84444,"href":"https:\/\/www.egemtv.com\/index.php?rest_route=\/wp\/v2\/posts\/84442\/revisions\/84444"}],"wp:featuredmedia":[{"embeddable":true,"href":"https:\/\/www.egemtv.com\/index.php?rest_route=\/wp\/v2\/media\/84443"}],"wp:attachment":[{"href":"https:\/\/www.egemtv.com\/index.php?rest_route=%2Fwp%2Fv2%2Fmedia&parent=84442"}],"wp:term":[{"taxonomy":"category","embeddable":true,"href":"https:\/\/www.egemtv.com\/index.php?rest_route=%2Fwp%2Fv2%2Fcategories&post=84442"},{"taxonomy":"post_tag","embeddable":true,"href":"https:\/\/www.egemtv.com\/index.php?rest_route=%2Fwp%2Fv2%2Ftags&post=84442"}],"curies":[{"name":"wp","href":"https:\/\/api.w.org\/{rel}","templated":true}]}}