{"id":84439,"date":"2026-02-01T10:15:33","date_gmt":"2026-02-01T07:15:33","guid":{"rendered":"https:\/\/www.egemtv.com\/?p=84439"},"modified":"2026-02-01T10:15:34","modified_gmt":"2026-02-01T07:15:34","slug":"motosiklet-surucusu-kurtarilamadi","status":"publish","type":"post","link":"https:\/\/www.egemtv.com\/?p=84439","title":{"rendered":"Motosiklet s\u00fcr\u00fcc\u00fcs\u00fc kurtar\u0131lamad\u0131"},"content":{"rendered":"<p>Mente\u015fe\u2019de alkoll\u00fc s\u00fcr\u00fcc\u00fcn\u00fcn neden oldu\u011fu kazada a\u011f\u0131r yaralanan motosiklet s\u00fcr\u00fcc\u00fcs\u00fc Serta\u00e7 Y\u0131lmaz, hastanede yap\u0131lan t\u00fcm m\u00fcdahalelere ra\u011fmen ya\u015fam\u0131n\u0131 yitirdi.<br \/>\n<br \/>Mu\u011fla\u2019n\u0131n Mente\u015fe il\u00e7esinde U\u011fur Mumcu Bulvar\u0131\u2019nda meydana gelen trafik kazas\u0131nda otomobil ile motosikletin \u00e7arp\u0131\u015fmas\u0131 sonucu motosiklet s\u00fcr\u00fcc\u00fcs\u00fc Serta\u00e7 Y\u0131lmaz a\u011f\u0131r yaralanm\u0131\u015ft\u0131. A\u011f\u0131r yaralanan motosiklet s\u00fcr\u00fcc\u00fcs\u00fc Serta\u00e7 Y\u0131lmaz, kald\u0131r\u0131ld\u0131\u011f\u0131 Mu\u011fla E\u011fitim ve Ara\u015ft\u0131rma Hastanesi\u2019nde hayat\u0131n\u0131 kaybetti.<br \/>\n<br \/>Kaza sonras\u0131 g\u00f6zalt\u0131na al\u0131nan Yasin Yayla, \u00e7\u0131kar\u0131ld\u0131\u011f\u0131 mahkemece tutukland\u0131.<br \/><\/p>\n","protected":false},"excerpt":{"rendered":"<p>Mente\u015fe\u2019de alkoll\u00fc s\u00fcr\u00fcc\u00fcn\u00fcn neden oldu\u011fu kazada a\u011f\u0131r yaralanan motosiklet s\u00fcr\u00fcc\u00fcs\u00fc Serta\u00e7 Y\u0131lmaz, hastanede yap\u0131lan t\u00fcm m\u00fcdahalelere ra\u011fmen ya\u015fam\u0131n\u0131 yitirdi. Mu\u011fla\u2019n\u0131n Mente\u015fe il\u00e7esinde U\u011fur Mumcu Bulvar\u0131\u2019nda meydana gelen trafik kazas\u0131nda otomobil ile motosikletin \u00e7arp\u0131\u015fmas\u0131 sonucu motosiklet s\u00fcr\u00fcc\u00fcs\u00fc Serta\u00e7 Y\u0131lmaz a\u011f\u0131r yaralanm\u0131\u015ft\u0131. A\u011f\u0131r yaralanan motosiklet s\u00fcr\u00fcc\u00fcs\u00fc Serta\u00e7 Y\u0131lmaz, kald\u0131r\u0131ld\u0131\u011f\u0131 Mu\u011fla E\u011fitim ve Ara\u015ft\u0131rma Hastanesi\u2019nde hayat\u0131n\u0131 kaybetti. Kaza&#8230;<\/p>\n","protected":false},"author":1,"featured_media":84440,"comment_status":"open","ping_status":"open","sticky":false,"template":"","format":"standard","meta":{"_crdt_document":"","footnotes":""},"categories":[5],"tags":[],"class_list":["post-84439","post","type-post","status-publish","format-standard","has-post-thumbnail","hentry","category-asayis"],"_links":{"self":[{"href":"https:\/\/www.egemtv.com\/index.php?rest_route=\/wp\/v2\/posts\/84439","targetHints":{"allow":["GET"]}}],"collection":[{"href":"https:\/\/www.egemtv.com\/index.php?rest_route=\/wp\/v2\/posts"}],"about":[{"href":"https:\/\/www.egemtv.com\/index.php?rest_route=\/wp\/v2\/types\/post"}],"author":[{"embeddable":true,"href":"https:\/\/www.egemtv.com\/index.php?rest_route=\/wp\/v2\/users\/1"}],"replies":[{"embeddable":true,"href":"https:\/\/www.egemtv.com\/index.php?rest_route=%2Fwp%2Fv2%2Fcomments&post=84439"}],"version-history":[{"count":1,"href":"https:\/\/www.egemtv.com\/index.php?rest_route=\/wp\/v2\/posts\/84439\/revisions"}],"predecessor-version":[{"id":84441,"href":"https:\/\/www.egemtv.com\/index.php?rest_route=\/wp\/v2\/posts\/84439\/revisions\/84441"}],"wp:featuredmedia":[{"embeddable":true,"href":"https:\/\/www.egemtv.com\/index.php?rest_route=\/wp\/v2\/media\/84440"}],"wp:attachment":[{"href":"https:\/\/www.egemtv.com\/index.php?rest_route=%2Fwp%2Fv2%2Fmedia&parent=84439"}],"wp:term":[{"taxonomy":"category","embeddable":true,"href":"https:\/\/www.egemtv.com\/index.php?rest_route=%2Fwp%2Fv2%2Fcategories&post=84439"},{"taxonomy":"post_tag","embeddable":true,"href":"https:\/\/www.egemtv.com\/index.php?rest_route=%2Fwp%2Fv2%2Ftags&post=84439"}],"curies":[{"name":"wp","href":"https:\/\/api.w.org\/{rel}","templated":true}]}}