{"id":84403,"date":"2026-01-31T21:54:46","date_gmt":"2026-01-31T18:54:46","guid":{"rendered":"https:\/\/www.egemtv.com\/?p=84403"},"modified":"2026-01-31T21:54:48","modified_gmt":"2026-01-31T18:54:48","slug":"kutahyada-minik-ve-yildiz-okcular-turkiye-sampiyonasi-heyecani","status":"publish","type":"post","link":"https:\/\/www.egemtv.com\/?p=84403","title":{"rendered":"K\u00fctahya\u2019da Minik ve Y\u0131ld\u0131z Ok\u00e7ular T\u00fcrkiye \u015eampiyonas\u0131 heyecan\u0131"},"content":{"rendered":"<p>K\u00fctahya\u2019da, T\u00fcrkiye Geleneksel T\u00fcrk Ok\u00e7uluk Federasyonu taraf\u0131ndan d\u00fczenlenen Geleneksel T\u00fcrk Ok\u00e7ulu\u011fu Minikler ve Y\u0131ld\u0131zlar Salon Puta T\u00fcrkiye \u015eampiyonas\u0131 b\u00fcy\u00fck bir kat\u0131l\u0131mla ba\u015flad\u0131.<br \/>\n<br \/>K\u00fctahya Gen\u00e7lik ve Spor \u0130l M\u00fcd\u00fcrl\u00fc\u011f\u00fc ev sahipli\u011finde TOK\u0130 Spor Salonu\u2019nda ger\u00e7ekle\u015ftirilen \u015fampiyonan\u0131n a\u00e7\u0131l\u0131\u015f seremonisi yo\u011fun ilgi g\u00f6rd\u00fc. T\u00fcrkiye\u2019nin farkl\u0131 illerinden gelen yakla\u015f\u0131k bin sporcu, birincilik i\u00e7in ok atarak yeteneklerini sergiliyor.<br \/>\n<br \/>A\u00e7\u0131l\u0131\u015f t\u00f6reninde konu\u015fan K\u00fctahya Vali Yard\u0131mc\u0131s\u0131 S\u00fcleyman Oval\u0131, K\u00fctahya\u2019n\u0131n \u00f6nemli bir organizasyona ev sahipli\u011fi yapmas\u0131ndan duydu\u011fu memnuniyeti dile getirdi. Ge\u00e7mi\u015fte spor alan\u0131nda ya\u015fanan imk\u00e2n s\u0131k\u0131nt\u0131lar\u0131na de\u011finen Oval\u0131, bug\u00fcn gelinen noktada ulusal d\u00fczeyde bir \u015fampiyonaya ev sahipli\u011fi yapman\u0131n gurur verici oldu\u011funu belirterek, &#8220;Otuz farkl\u0131 \u015fehirden binin \u00fczerinde sporcu karde\u015fimiz ve aileleri K\u00fctahya\u2019m\u0131za geldi. Bundan dolay\u0131 \u00e7ok mutluyuz ve gururluyuz&#8221; dedi.<br \/>\n<br \/>\u015eampiyonan\u0131n a\u00e7\u0131l\u0131\u015f program\u0131na; AK Parti Grup Ba\u015fkan Vekili ve \u00c7ank\u0131r\u0131 Milletvekili Muhammet Emin Akba\u015fo\u011flu, K\u00fctahya Vali Vekili S\u00fcleyman Oval\u0131, AK Parti \u0130l Ba\u015fkan\u0131 Ceyda \u00c7etin Erenler, K\u00fctahya Milletvekili Mehmet Demir, T\u00fcrkiye Geleneksel T\u00fcrk Ok\u00e7ulu\u011fu Federasyonu Ba\u015fkan\u0131 Cengiz Toks\u00f6z, AK Parti K\u00fctahya Merkez \u0130l\u00e7e Ba\u015fkan\u0131 Murat Af\u015far\u00fcnal, Gen\u00e7lik ve Spor \u0130l M\u00fcd\u00fcr\u00fc B\u00fclent K\u00fc\u00e7\u00fck ile il protokol\u00fc kat\u0131ld\u0131.<br \/>\n<br \/>Geleneksel T\u00fcrk ok\u00e7ulu\u011funun gelece\u011fi olarak g\u00f6r\u00fclen minikler ve y\u0131ld\u0131zlar kategorilerindeki sporcular\u0131n k\u0131yas\u0131ya m\u00fccadele etti\u011fi \u015fampiyona, K\u00fctahya\u2019da spor dolu g\u00fcnlere sahne oluyor.<br \/>\n<br \/>\u015eampiyona yar\u0131n sonra erecek.<br \/><\/p>\n","protected":false},"excerpt":{"rendered":"<p>K\u00fctahya\u2019da, T\u00fcrkiye Geleneksel T\u00fcrk Ok\u00e7uluk Federasyonu taraf\u0131ndan d\u00fczenlenen Geleneksel T\u00fcrk Ok\u00e7ulu\u011fu Minikler ve Y\u0131ld\u0131zlar Salon Puta T\u00fcrkiye \u015eampiyonas\u0131 b\u00fcy\u00fck bir kat\u0131l\u0131mla ba\u015flad\u0131. K\u00fctahya Gen\u00e7lik ve Spor \u0130l M\u00fcd\u00fcrl\u00fc\u011f\u00fc ev sahipli\u011finde TOK\u0130 Spor Salonu\u2019nda ger\u00e7ekle\u015ftirilen \u015fampiyonan\u0131n a\u00e7\u0131l\u0131\u015f seremonisi yo\u011fun ilgi g\u00f6rd\u00fc. T\u00fcrkiye\u2019nin farkl\u0131 illerinden gelen yakla\u015f\u0131k bin sporcu, birincilik i\u00e7in ok atarak yeteneklerini sergiliyor. A\u00e7\u0131l\u0131\u015f t\u00f6reninde&#8230;<\/p>\n","protected":false},"author":1,"featured_media":84404,"comment_status":"open","ping_status":"open","sticky":false,"template":"","format":"standard","meta":{"_crdt_document":"","footnotes":""},"categories":[4],"tags":[],"class_list":["post-84403","post","type-post","status-publish","format-standard","has-post-thumbnail","hentry","category-spor"],"_links":{"self":[{"href":"https:\/\/www.egemtv.com\/index.php?rest_route=\/wp\/v2\/posts\/84403","targetHints":{"allow":["GET"]}}],"collection":[{"href":"https:\/\/www.egemtv.com\/index.php?rest_route=\/wp\/v2\/posts"}],"about":[{"href":"https:\/\/www.egemtv.com\/index.php?rest_route=\/wp\/v2\/types\/post"}],"author":[{"embeddable":true,"href":"https:\/\/www.egemtv.com\/index.php?rest_route=\/wp\/v2\/users\/1"}],"replies":[{"embeddable":true,"href":"https:\/\/www.egemtv.com\/index.php?rest_route=%2Fwp%2Fv2%2Fcomments&post=84403"}],"version-history":[{"count":1,"href":"https:\/\/www.egemtv.com\/index.php?rest_route=\/wp\/v2\/posts\/84403\/revisions"}],"predecessor-version":[{"id":84405,"href":"https:\/\/www.egemtv.com\/index.php?rest_route=\/wp\/v2\/posts\/84403\/revisions\/84405"}],"wp:featuredmedia":[{"embeddable":true,"href":"https:\/\/www.egemtv.com\/index.php?rest_route=\/wp\/v2\/media\/84404"}],"wp:attachment":[{"href":"https:\/\/www.egemtv.com\/index.php?rest_route=%2Fwp%2Fv2%2Fmedia&parent=84403"}],"wp:term":[{"taxonomy":"category","embeddable":true,"href":"https:\/\/www.egemtv.com\/index.php?rest_route=%2Fwp%2Fv2%2Fcategories&post=84403"},{"taxonomy":"post_tag","embeddable":true,"href":"https:\/\/www.egemtv.com\/index.php?rest_route=%2Fwp%2Fv2%2Ftags&post=84403"}],"curies":[{"name":"wp","href":"https:\/\/api.w.org\/{rel}","templated":true}]}}