{"id":84400,"date":"2026-01-31T21:40:01","date_gmt":"2026-01-31T18:40:01","guid":{"rendered":"https:\/\/www.egemtv.com\/?p=84400"},"modified":"2026-01-31T21:40:04","modified_gmt":"2026-01-31T18:40:04","slug":"ispartada-ogrenci-tuvaletlerine-kamera-yerlestirildi-milli-egitim-inceleme-baslatti","status":"publish","type":"post","link":"https:\/\/www.egemtv.com\/?p=84400","title":{"rendered":"Isparta\u2019da \u00f6\u011frenci tuvaletlerine kamera yerle\u015ftirildi, Milli E\u011fitim inceleme ba\u015flatt\u0131"},"content":{"rendered":"<p>Isparta\u2019da bulunan bir ortaokulda \u00f6\u011frenci tuvaletlerine g\u00fcvenlik kameras\u0131 yerle\u015ftirilmesi \u00fczerine veliler savc\u0131l\u0131\u011fa su\u00e7 duyurusunda bulundu. Konu ile ilgili Isparta \u0130l Milli E\u011fitim M\u00fcd\u00fcrl\u00fc\u011f\u00fc inceleme ba\u015flatt\u0131.<br \/>\n<br \/>Isparta\u2019n\u0131n I\u015f\u0131kkent Mahallesi\u2019nde bulunan \u015eehit G\u00f6ksel Ko\u00e7 Ortaokulu\u2019nda, okul y\u00f6netimi taraf\u0131ndan k\u0131z ve erkek \u00f6\u011frenci tuvaletlerine g\u00fcvenlik kameralar\u0131 yerle\u015ftirildi\u011fi ortaya \u00e7\u0131kt\u0131. Durumun fark edilmesi \u00fczerine baz\u0131 veliler okula gelerek incelemede bulundu. Tuvaletlerde kamera bulunmas\u0131na ili\u015fkin g\u00f6r\u00fcnt\u00fcleri kay\u0131t alt\u0131na alan veliler, konu hakk\u0131nda savc\u0131l\u0131\u011fa su\u00e7 duyurusunda bulundu.<\/p>\n<p>Milli E\u011fitim M\u00fcd\u00fcrl\u00fc\u011f\u00fc\u2019nden a\u00e7\u0131klama geldi<br \/>\n<br \/>Olay\u0131n kamuoyuna yans\u0131mas\u0131n\u0131n ard\u0131ndan Isparta \u0130l Milli E\u011fitim M\u00fcd\u00fcrl\u00fc\u011f\u00fc taraf\u0131ndan sosyal medyalar\u0131ndan yaz\u0131l\u0131 a\u00e7\u0131klama yap\u0131ld\u0131. A\u00e7\u0131klamada, &#8220;Konu ile ilgili gerekli inceleme ba\u015flat\u0131lm\u0131\u015f olup s\u00fcre\u00e7 m\u00fcd\u00fcrl\u00fc\u011f\u00fcm\u00fczce takip edilmektedir&#8221; ifadelerine yer verildi.<br \/><\/p>\n","protected":false},"excerpt":{"rendered":"<p>Isparta\u2019da bulunan bir ortaokulda \u00f6\u011frenci tuvaletlerine g\u00fcvenlik kameras\u0131 yerle\u015ftirilmesi \u00fczerine veliler savc\u0131l\u0131\u011fa su\u00e7 duyurusunda bulundu. Konu ile ilgili Isparta \u0130l Milli E\u011fitim M\u00fcd\u00fcrl\u00fc\u011f\u00fc inceleme ba\u015flatt\u0131. Isparta\u2019n\u0131n I\u015f\u0131kkent Mahallesi\u2019nde bulunan \u015eehit G\u00f6ksel Ko\u00e7 Ortaokulu\u2019nda, okul y\u00f6netimi taraf\u0131ndan k\u0131z ve erkek \u00f6\u011frenci tuvaletlerine g\u00fcvenlik kameralar\u0131 yerle\u015ftirildi\u011fi ortaya \u00e7\u0131kt\u0131. Durumun fark edilmesi \u00fczerine baz\u0131 veliler okula gelerek incelemede&#8230;<\/p>\n","protected":false},"author":1,"featured_media":84401,"comment_status":"open","ping_status":"open","sticky":false,"template":"","format":"standard","meta":{"_crdt_document":"","footnotes":""},"categories":[5],"tags":[],"class_list":["post-84400","post","type-post","status-publish","format-standard","has-post-thumbnail","hentry","category-asayis"],"_links":{"self":[{"href":"https:\/\/www.egemtv.com\/index.php?rest_route=\/wp\/v2\/posts\/84400","targetHints":{"allow":["GET"]}}],"collection":[{"href":"https:\/\/www.egemtv.com\/index.php?rest_route=\/wp\/v2\/posts"}],"about":[{"href":"https:\/\/www.egemtv.com\/index.php?rest_route=\/wp\/v2\/types\/post"}],"author":[{"embeddable":true,"href":"https:\/\/www.egemtv.com\/index.php?rest_route=\/wp\/v2\/users\/1"}],"replies":[{"embeddable":true,"href":"https:\/\/www.egemtv.com\/index.php?rest_route=%2Fwp%2Fv2%2Fcomments&post=84400"}],"version-history":[{"count":1,"href":"https:\/\/www.egemtv.com\/index.php?rest_route=\/wp\/v2\/posts\/84400\/revisions"}],"predecessor-version":[{"id":84402,"href":"https:\/\/www.egemtv.com\/index.php?rest_route=\/wp\/v2\/posts\/84400\/revisions\/84402"}],"wp:featuredmedia":[{"embeddable":true,"href":"https:\/\/www.egemtv.com\/index.php?rest_route=\/wp\/v2\/media\/84401"}],"wp:attachment":[{"href":"https:\/\/www.egemtv.com\/index.php?rest_route=%2Fwp%2Fv2%2Fmedia&parent=84400"}],"wp:term":[{"taxonomy":"category","embeddable":true,"href":"https:\/\/www.egemtv.com\/index.php?rest_route=%2Fwp%2Fv2%2Fcategories&post=84400"},{"taxonomy":"post_tag","embeddable":true,"href":"https:\/\/www.egemtv.com\/index.php?rest_route=%2Fwp%2Fv2%2Ftags&post=84400"}],"curies":[{"name":"wp","href":"https:\/\/api.w.org\/{rel}","templated":true}]}}