{"id":84397,"date":"2026-01-31T21:40:00","date_gmt":"2026-01-31T18:40:00","guid":{"rendered":"https:\/\/www.egemtv.com\/?p=84397"},"modified":"2026-01-31T21:40:01","modified_gmt":"2026-01-31T18:40:01","slug":"ispartada-7-aracin-karistigi-zincirleme-kaza","status":"publish","type":"post","link":"https:\/\/www.egemtv.com\/?p=84397","title":{"rendered":"Isparta\u2019da 7 arac\u0131n kar\u0131\u015ft\u0131\u011f\u0131 zincirleme kaza"},"content":{"rendered":"<p>Isparta\u2019da cadde \u00fczerinde otomobilin ani fren yapmas\u0131 sonucu arkas\u0131nda seyir halinde bulunan 7 otomobil birbirine girdi. Ara\u00e7larda maddi hasar olu\u015furken yaralanan olmad\u0131.<br \/>\n<br \/>Kaza, ak\u015fam saatlerinde Bat\u0131kent Mahallesi\u2019nde bulunan G\u00f6kkubbe Fuar ve Kongre Merkezi\u2019nin alt k\u0131sm\u0131nda meydana geldi. Edinilen bilgilere g\u00f6re, cadde \u00fczerindeki kav\u015fakta en \u00f6ndeki arac\u0131n ani fren yapmas\u0131yla birlikte arkas\u0131nda bulunan ara\u00e7lar birbirine arkadan \u00e7arpt\u0131. Toplam 7 arac\u0131n kar\u0131\u015ft\u0131\u011f\u0131 kazan\u0131n ard\u0131ndan \u00e7evredeki vatanda\u015flar\u0131n ihbar\u0131 \u00fczerine olay yerine sa\u011fl\u0131k ve polis ekipleri sevk edildi. Ekipler b\u00f6lgede g\u00fcvenlik \u00f6nlemleri al\u0131rken, kazaya kar\u0131\u015fan ara\u00e7larla ilgili incelemenin s\u00fcrd\u00fc\u011f\u00fc bildirildi. Kazada yaralanan olmazken, ara\u00e7larda maddi hasar olu\u015ftu.<br \/><\/p>\n","protected":false},"excerpt":{"rendered":"<p>Isparta\u2019da cadde \u00fczerinde otomobilin ani fren yapmas\u0131 sonucu arkas\u0131nda seyir halinde bulunan 7 otomobil birbirine girdi. Ara\u00e7larda maddi hasar olu\u015furken yaralanan olmad\u0131. Kaza, ak\u015fam saatlerinde Bat\u0131kent Mahallesi\u2019nde bulunan G\u00f6kkubbe Fuar ve Kongre Merkezi\u2019nin alt k\u0131sm\u0131nda meydana geldi. Edinilen bilgilere g\u00f6re, cadde \u00fczerindeki kav\u015fakta en \u00f6ndeki arac\u0131n ani fren yapmas\u0131yla birlikte arkas\u0131nda bulunan ara\u00e7lar birbirine arkadan&#8230;<\/p>\n","protected":false},"author":1,"featured_media":84398,"comment_status":"open","ping_status":"open","sticky":false,"template":"","format":"standard","meta":{"_crdt_document":"","footnotes":""},"categories":[5],"tags":[],"class_list":["post-84397","post","type-post","status-publish","format-standard","has-post-thumbnail","hentry","category-asayis"],"_links":{"self":[{"href":"https:\/\/www.egemtv.com\/index.php?rest_route=\/wp\/v2\/posts\/84397","targetHints":{"allow":["GET"]}}],"collection":[{"href":"https:\/\/www.egemtv.com\/index.php?rest_route=\/wp\/v2\/posts"}],"about":[{"href":"https:\/\/www.egemtv.com\/index.php?rest_route=\/wp\/v2\/types\/post"}],"author":[{"embeddable":true,"href":"https:\/\/www.egemtv.com\/index.php?rest_route=\/wp\/v2\/users\/1"}],"replies":[{"embeddable":true,"href":"https:\/\/www.egemtv.com\/index.php?rest_route=%2Fwp%2Fv2%2Fcomments&post=84397"}],"version-history":[{"count":1,"href":"https:\/\/www.egemtv.com\/index.php?rest_route=\/wp\/v2\/posts\/84397\/revisions"}],"predecessor-version":[{"id":84399,"href":"https:\/\/www.egemtv.com\/index.php?rest_route=\/wp\/v2\/posts\/84397\/revisions\/84399"}],"wp:featuredmedia":[{"embeddable":true,"href":"https:\/\/www.egemtv.com\/index.php?rest_route=\/wp\/v2\/media\/84398"}],"wp:attachment":[{"href":"https:\/\/www.egemtv.com\/index.php?rest_route=%2Fwp%2Fv2%2Fmedia&parent=84397"}],"wp:term":[{"taxonomy":"category","embeddable":true,"href":"https:\/\/www.egemtv.com\/index.php?rest_route=%2Fwp%2Fv2%2Fcategories&post=84397"},{"taxonomy":"post_tag","embeddable":true,"href":"https:\/\/www.egemtv.com\/index.php?rest_route=%2Fwp%2Fv2%2Ftags&post=84397"}],"curies":[{"name":"wp","href":"https:\/\/api.w.org\/{rel}","templated":true}]}}