{"id":84394,"date":"2026-01-31T21:39:59","date_gmt":"2026-01-31T18:39:59","guid":{"rendered":"https:\/\/www.egemtv.com\/?p=84394"},"modified":"2026-01-31T21:40:00","modified_gmt":"2026-01-31T18:40:00","slug":"pazarlar-ve-saphaneden-tarihi-adim","status":"publish","type":"post","link":"https:\/\/www.egemtv.com\/?p=84394","title":{"rendered":"Pazarlar ve \u015eaphane\u2019den tarihi ad\u0131m"},"content":{"rendered":"<p>K\u00fctahya\u2019n\u0131n Pazarlar ve \u015eaphane il\u00e7elerinde sporun geli\u015fimine katk\u0131 sunacak \u00f6nemli bir i\u015f birli\u011fi i\u00e7in ilk ad\u0131m at\u0131ld\u0131. \u015eaphane Spor Futbol Kul\u00fcb\u00fc ile Pazarlar Spor Lisesi Spor Kul\u00fcb\u00fc aras\u0131nda &#8220;Karde\u015f Kul\u00fcp Dayan\u0131\u015fma ve \u0130\u015f Birli\u011fi Protokol\u00fc\u2019ne y\u00f6nelik \u00f6n g\u00f6r\u00fc\u015fmeler tamamland\u0131. \u0130\u015f birli\u011finin en dikkat \u00e7eken hedefi ise b\u00f6lgenin ilk k\u0131z futbol tak\u0131m\u0131n\u0131 kurmak oldu.<br \/>\n<br \/>\u015eubat ay\u0131nda resmiyet kazanmas\u0131 planlanan protokol kapsam\u0131nda, iki il\u00e7enin spor altyap\u0131s\u0131n\u0131n ortak kullan\u0131lmas\u0131, bran\u015f \u00e7e\u015fitlili\u011finin art\u0131r\u0131lmas\u0131 ve \u00f6zellikle kad\u0131n futbolunun b\u00f6lgede yayg\u0131nla\u015ft\u0131r\u0131lmas\u0131 ama\u00e7lan\u0131yor.<br \/>\n<br \/>Toplant\u0131da konu\u015fan \u015eaphane MYO M\u00fcd\u00fcr\u00fc ve \u015eaphane Spor Futbol Kul\u00fcb\u00fc Ba\u015fkan\u0131 Y\u0131lmaz \u00c7etiner, kul\u00fcp olarak altyap\u0131ya b\u00fcy\u00fck \u00f6nem verdiklerini belirterek, &#8220;\u015eaphane Spor olarak U14, U15, U16, U18 ve A Tak\u0131m d\u00fczeylerinde faaliyetlerimizi s\u00fcrd\u00fcr\u00fcyoruz. Pazarlar ile ger\u00e7ekle\u015ftirece\u011fimiz bu i\u015f birli\u011fi sayesinde futbol altyap\u0131m\u0131z\u0131 daha geni\u015f bir tabana yaymay\u0131 hedefliyoruz. Amac\u0131m\u0131z, b\u00f6lge gen\u00e7lerine profesyonel spor imk\u00e2n\u0131 sunmak&#8221; dedi.<br \/>\n<br \/>Pazarlar Spor Lisesi M\u00fcd\u00fcr\u00fc ve Kul\u00fcp Ba\u015fkan\u0131 Muammer G\u00f6kalp ise yeni tescil edilen taekwondo bran\u015f\u0131na dikkat \u00e7ekti. G\u00f6kalp, &#8220;Taekwondo bran\u015f\u0131n\u0131 lise d\u00fczeyinde ba\u015flatt\u0131k. Bu heyecan\u0131 ilkokul, ortaokul ve Meslek Y\u00fcksekokulu \u00f6\u011frencilerimize kadar yaymay\u0131 planl\u0131yoruz. Sporun disiplinini her ya\u015f grubuna kazand\u0131rmak istiyoruz&#8221; ifadelerini kulland\u0131.<br \/>\n<br \/>\u0130ki kul\u00fcp aras\u0131nda planlanan en \u00f6nemli projelerden biri olan k\u0131z futbol tak\u0131m\u0131yla, gen\u00e7 k\u0131zlar\u0131n spora kat\u0131l\u0131m\u0131n\u0131n art\u0131r\u0131lmas\u0131 ve K\u00fctahya yerel sporunda kad\u0131n futboluna y\u00f6nelik fark\u0131ndal\u0131k olu\u015fturulmas\u0131 hedefleniyor.<br \/>\n<br \/>\u015eaphane Spor\u2019dan Erhan Da\u011fdeviren ile Pazarlar Spor\u2019dan Osman Erdin\u00e7\u2019in de kat\u0131ld\u0131\u011f\u0131 toplant\u0131n\u0131n ard\u0131ndan haz\u0131rlanan protokol\u00fcn, \u015eubat ay\u0131 i\u00e7erisinde d\u00fczenlenecek t\u00f6renle imzalanaca\u011f\u0131 bildirildi.<br \/><\/p>\n","protected":false},"excerpt":{"rendered":"<p>K\u00fctahya\u2019n\u0131n Pazarlar ve \u015eaphane il\u00e7elerinde sporun geli\u015fimine katk\u0131 sunacak \u00f6nemli bir i\u015f birli\u011fi i\u00e7in ilk ad\u0131m at\u0131ld\u0131. \u015eaphane Spor Futbol Kul\u00fcb\u00fc ile Pazarlar Spor Lisesi Spor Kul\u00fcb\u00fc aras\u0131nda &#8220;Karde\u015f Kul\u00fcp Dayan\u0131\u015fma ve \u0130\u015f Birli\u011fi Protokol\u00fc\u2019ne y\u00f6nelik \u00f6n g\u00f6r\u00fc\u015fmeler tamamland\u0131. \u0130\u015f birli\u011finin en dikkat \u00e7eken hedefi ise b\u00f6lgenin ilk k\u0131z futbol tak\u0131m\u0131n\u0131 kurmak oldu. \u015eubat ay\u0131nda&#8230;<\/p>\n","protected":false},"author":1,"featured_media":84395,"comment_status":"open","ping_status":"open","sticky":false,"template":"","format":"standard","meta":{"_crdt_document":"","footnotes":""},"categories":[4],"tags":[],"class_list":["post-84394","post","type-post","status-publish","format-standard","has-post-thumbnail","hentry","category-spor"],"_links":{"self":[{"href":"https:\/\/www.egemtv.com\/index.php?rest_route=\/wp\/v2\/posts\/84394","targetHints":{"allow":["GET"]}}],"collection":[{"href":"https:\/\/www.egemtv.com\/index.php?rest_route=\/wp\/v2\/posts"}],"about":[{"href":"https:\/\/www.egemtv.com\/index.php?rest_route=\/wp\/v2\/types\/post"}],"author":[{"embeddable":true,"href":"https:\/\/www.egemtv.com\/index.php?rest_route=\/wp\/v2\/users\/1"}],"replies":[{"embeddable":true,"href":"https:\/\/www.egemtv.com\/index.php?rest_route=%2Fwp%2Fv2%2Fcomments&post=84394"}],"version-history":[{"count":1,"href":"https:\/\/www.egemtv.com\/index.php?rest_route=\/wp\/v2\/posts\/84394\/revisions"}],"predecessor-version":[{"id":84396,"href":"https:\/\/www.egemtv.com\/index.php?rest_route=\/wp\/v2\/posts\/84394\/revisions\/84396"}],"wp:featuredmedia":[{"embeddable":true,"href":"https:\/\/www.egemtv.com\/index.php?rest_route=\/wp\/v2\/media\/84395"}],"wp:attachment":[{"href":"https:\/\/www.egemtv.com\/index.php?rest_route=%2Fwp%2Fv2%2Fmedia&parent=84394"}],"wp:term":[{"taxonomy":"category","embeddable":true,"href":"https:\/\/www.egemtv.com\/index.php?rest_route=%2Fwp%2Fv2%2Fcategories&post=84394"},{"taxonomy":"post_tag","embeddable":true,"href":"https:\/\/www.egemtv.com\/index.php?rest_route=%2Fwp%2Fv2%2Ftags&post=84394"}],"curies":[{"name":"wp","href":"https:\/\/api.w.org\/{rel}","templated":true}]}}