{"id":84388,"date":"2026-01-31T21:14:41","date_gmt":"2026-01-31T18:14:41","guid":{"rendered":"https:\/\/www.egemtv.com\/?p=84388"},"modified":"2026-01-31T21:14:42","modified_gmt":"2026-01-31T18:14:42","slug":"trendyol-super-lig-goztepe-2-fatih-karagumruk-1-ilk-yari","status":"publish","type":"post","link":"https:\/\/www.egemtv.com\/?p=84388","title":{"rendered":"Trendyol S\u00fcper Lig: G\u00f6ztepe: 2 &#8211; Fatih Karag\u00fcmr\u00fck: 1 (\u0130lk yar\u0131)"},"content":{"rendered":"<p>Trendyol S\u00fcper Lig\u2019in 20. haftas\u0131nda G\u00f6ztepe, sahas\u0131nda Fatih Karag\u00fcmr\u00fck ile kar\u015f\u0131la\u015f\u0131yor. M\u00fccadelenin ilk yar\u0131s\u0131 sar\u0131-k\u0131rm\u0131z\u0131l\u0131lar\u0131n 2-1\u2019lik \u00fcst\u00fcnl\u00fc\u011f\u00fcyle tamamland\u0131.<\/p>\n<p>Ma\u00e7tan dakikalar (\u0130lk yar\u0131)<br \/>\n<br \/>13. dakikada orta alandan geli\u015fen Karag\u00fcmr\u00fck ata\u011f\u0131nda topla bulu\u015fan Bar\u0131\u015f\u2019\u0131n ara pas\u0131yla kaleciyle kar\u015f\u0131 kar\u015f\u0131ya kalan Serginho, me\u015fin yuvarla\u011f\u0131 a\u011flara g\u00f6nderdi. 0-1<br \/>\n<br \/>21. dakikada sol kanattan G\u00f6ztepe\u2019de korner vuru\u015funda kafalardan seken topa ceza sahas\u0131n\u0131n sa\u011f \u00e7apraz\u0131ndan Olaitan\u2019\u0131n vuru\u015funda top filelere gitti. 1-1<br \/>\n<br \/>24. dakikada sol kanattan Cherni\u2019nin ortas\u0131nda ceza sahas\u0131 i\u00e7inde Juan\u2019\u0131n kafa vuru\u015funda top az farkla auta \u00e7\u0131kt\u0131.<br \/>\n<br \/>45+1. dakikada sa\u011f kanattan Juan\u2019\u0131n ortas\u0131nda ceza sahas\u0131 i\u00e7inde Janderson\u2019un volesinde top a\u011flarla bulu\u015ftu. 2-1<\/p>\n<p>Hakemler: \u00d6mer Tolga G\u00fcldibi, Kerem Ersoy, Murat Temel<br \/>\n<br \/>G\u00f6ztepe: Mateusz Lis, Arda Okan Kurtulan, Allan Godoi Santos, Heliton, Cherni, Malcom Bokele, Junior Olaitan, Efkan Bekiro\u011flu, Anthony Dennis, Juan, Janderson<br \/>\n<br \/>Yedekler: Ekrem K\u0131l\u0131\u00e7arslan, Taha Alt\u0131karde\u015f, Rhaldney, U\u011fur Kaan Y\u0131ld\u0131z, Furkan Bay\u0131r, Og\u00fcn Bayrak, Novatus Miroshi, \u0130brahim Sabra, Guilherme Luiz, Jeferson<br \/>\n<br \/>Teknik Direkt\u00f6r: Stanimir Stoilov<br \/>\n<br \/>Fatih Karag\u00fcmr\u00fck: Ivo Grbic, Davide Biraschi, \u00c7a\u011ftay Kurukal\u0131p, Ricardo Esgaio, An\u0131l Yi\u011fit \u00c7\u0131nar, Matias Kranevitter, Berkay \u00d6zcan, Warren Babicka Shavy, Sam Larsson, Serginho, Bar\u0131\u015f Kalayc\u0131<br \/>\n<br \/>Yedekler: Furkan Beklevi\u00e7, Muhammed Kad\u0131o\u011flu, Bartu\u011f Elmaz, Burhan Ersoy, Abdul Kader Moussa Kone, Ahmet Sivri, Tar\u0131k Bu\u011fra Kalpakl\u0131, Tiago \u00c7ukur, Ahmed Traore<br \/>\n<br \/>Teknik Direkt\u00f6r: Aleksandar Stanojevic<br \/>\n<br \/>Goller: Serginho (dk. 13) (Fatih Karag\u00fcmr\u00fck), Junior Olaitan (dk. 20), Janderson (dk. 45+1) (G\u00f6ztepe)<br \/><\/p>\n","protected":false},"excerpt":{"rendered":"<p>Trendyol S\u00fcper Lig\u2019in 20. haftas\u0131nda G\u00f6ztepe, sahas\u0131nda Fatih Karag\u00fcmr\u00fck ile kar\u015f\u0131la\u015f\u0131yor. M\u00fccadelenin ilk yar\u0131s\u0131 sar\u0131-k\u0131rm\u0131z\u0131l\u0131lar\u0131n 2-1\u2019lik \u00fcst\u00fcnl\u00fc\u011f\u00fcyle tamamland\u0131. Ma\u00e7tan dakikalar (\u0130lk yar\u0131) 13. dakikada orta alandan geli\u015fen Karag\u00fcmr\u00fck ata\u011f\u0131nda topla bulu\u015fan Bar\u0131\u015f\u2019\u0131n ara pas\u0131yla kaleciyle kar\u015f\u0131 kar\u015f\u0131ya kalan Serginho, me\u015fin yuvarla\u011f\u0131 a\u011flara g\u00f6nderdi. 0-1 21. dakikada sol kanattan G\u00f6ztepe\u2019de korner vuru\u015funda kafalardan seken topa ceza&#8230;<\/p>\n","protected":false},"author":1,"featured_media":84389,"comment_status":"open","ping_status":"open","sticky":false,"template":"","format":"standard","meta":{"_crdt_document":"","footnotes":""},"categories":[4],"tags":[],"class_list":["post-84388","post","type-post","status-publish","format-standard","has-post-thumbnail","hentry","category-spor"],"_links":{"self":[{"href":"https:\/\/www.egemtv.com\/index.php?rest_route=\/wp\/v2\/posts\/84388","targetHints":{"allow":["GET"]}}],"collection":[{"href":"https:\/\/www.egemtv.com\/index.php?rest_route=\/wp\/v2\/posts"}],"about":[{"href":"https:\/\/www.egemtv.com\/index.php?rest_route=\/wp\/v2\/types\/post"}],"author":[{"embeddable":true,"href":"https:\/\/www.egemtv.com\/index.php?rest_route=\/wp\/v2\/users\/1"}],"replies":[{"embeddable":true,"href":"https:\/\/www.egemtv.com\/index.php?rest_route=%2Fwp%2Fv2%2Fcomments&post=84388"}],"version-history":[{"count":1,"href":"https:\/\/www.egemtv.com\/index.php?rest_route=\/wp\/v2\/posts\/84388\/revisions"}],"predecessor-version":[{"id":84390,"href":"https:\/\/www.egemtv.com\/index.php?rest_route=\/wp\/v2\/posts\/84388\/revisions\/84390"}],"wp:featuredmedia":[{"embeddable":true,"href":"https:\/\/www.egemtv.com\/index.php?rest_route=\/wp\/v2\/media\/84389"}],"wp:attachment":[{"href":"https:\/\/www.egemtv.com\/index.php?rest_route=%2Fwp%2Fv2%2Fmedia&parent=84388"}],"wp:term":[{"taxonomy":"category","embeddable":true,"href":"https:\/\/www.egemtv.com\/index.php?rest_route=%2Fwp%2Fv2%2Fcategories&post=84388"},{"taxonomy":"post_tag","embeddable":true,"href":"https:\/\/www.egemtv.com\/index.php?rest_route=%2Fwp%2Fv2%2Ftags&post=84388"}],"curies":[{"name":"wp","href":"https:\/\/api.w.org\/{rel}","templated":true}]}}