{"id":84385,"date":"2026-01-31T20:14:31","date_gmt":"2026-01-31T17:14:31","guid":{"rendered":"https:\/\/www.egemtv.com\/?p=84385"},"modified":"2026-01-31T20:14:31","modified_gmt":"2026-01-31T17:14:31","slug":"super-amatorde-yerel-derbi-berabere-bitti-alacatispor-cesme-belediyespor-2-2","status":"publish","type":"post","link":"https:\/\/www.egemtv.com\/?p=84385","title":{"rendered":"S\u00fcper Amat\u00f6r\u2019de Yerel Derbi Berabere Bitti: Ala\u00e7at\u0131spor &#8211; \u00c7e\u015fme Belediyespor 2-2"},"content":{"rendered":"<p>\u0130zmir S\u00fcper Amat\u00f6r Lig E Grubu\u2019nun son haftas\u0131ndaki derbi ma\u00e7ta \u0130mren Ala\u00e7at\u0131spor ile \u00c7e\u015fme Belediyespor 2-2 berabere kald\u0131.<br \/>\n<br \/>\u0130zmir S\u00fcper Amat\u00f6r Lig E Grubu\u2019nda 2015\u20132016 sezonunun son ma\u00e7\u0131nda \u0130mren Ala\u00e7at\u0131spor ile \u00c7e\u015fme Belediyespor, Ala\u00e7at\u0131 15 Eyl\u00fcl Stad\u0131\u2019nda kar\u015f\u0131 kar\u015f\u0131ya geldi. G\u00fcvenlik \u00f6nlemleri nedeniyle \u00c7e\u015fme Belediyespor taraftarlar\u0131n\u0131n al\u0131nmad\u0131\u011f\u0131 kar\u015f\u0131la\u015fmada, \u0130mren Ala\u00e7at\u0131spor taraftarlar\u0131 ise kay\u0131t yapt\u0131rarak, \u00fccretsiz biletlerle trib\u00fcnlerdeki yerini ald\u0131. Bin ki\u015fiyle s\u0131n\u0131rland\u0131r\u0131lan biletler k\u0131sa s\u00fcrede t\u00fckendi ve ev sahibi ekibin taraftarlar\u0131 stad\u0131 tamamen doldurdu.<br \/>\n<br \/>Kar\u015f\u0131la\u015fmaya h\u0131zl\u0131 ba\u015flayan \u00c7e\u015fme Belediyespor, hen\u00fcz 2. dakikada Batuhan \u00c7oban\u2019\u0131n gol\u00fcyle 1-0 \u00f6ne ge\u00e7ti. Bu gole erken yan\u0131t veren \u0130mren Ala\u00e7at\u0131spor, 5. dakikada kazand\u0131\u011f\u0131 penalt\u0131y\u0131 Erdi \u00d6nal\u2019\u0131n gole \u00e7evirmesiyle skora denge getirdi. \u0130lk yar\u0131da tansiyon zaman zaman y\u00fckselirken, 29. dakikada \u00c7e\u015fme Belediyespor\u2019dan Ahmet Can Do\u011fan, 39. dakikada ise \u0130mren Ala\u00e7at\u0131spor\u2019dan Ada \u00d6zbay yedek kul\u00fcbelerinde g\u00f6rd\u00fckleri k\u0131rm\u0131z\u0131 kartla oyun d\u0131\u015f\u0131nda kald\u0131. M\u00fccadelenin ilk yar\u0131s\u0131 1-1 e\u015fitlikle sona erdi.<br \/>\n<br \/>\u0130kinci yar\u0131ya da etkili ba\u015flayan \u00c7e\u015fme Belediyespor, 48. dakikada O\u011fuzhan Bek\u00e7i\u2019nin gol\u00fcyle yeniden \u00f6ne ge\u00e7ti. \u0130mren Ala\u00e7at\u0131spor Teknik Direkt\u00f6r\u00fc Mustafa F\u0131rat T\u0131naz, 58. dakikada g\u00f6rd\u00fc\u011f\u00fc k\u0131rm\u0131z\u0131 kart sonras\u0131 saha d\u0131\u015f\u0131na \u00e7\u0131kar\u0131ld\u0131.<br \/>\n<br \/>Ma\u00e7\u0131n skorunu belirleyen gol ise 67. dakikada \u0130mren Ala\u00e7at\u0131spor oyuncusu Soner Sar\u0131\u00e7i\u00e7ek\u2019ten geldi. Kalan dakikalarda ba\u015fka gol olmay\u0131nca sezonun son derbisi 2-2 beraberlikle tamamland\u0131.<br \/>\n<br \/>Bu sonu\u00e7la \u0130mren Ala\u00e7at\u0131spor ligi 24 puanla 3. s\u0131rada tamamlarken, \u00c7e\u015fme Belediyespor ise sezonu 21 puanla 5. s\u0131rada bitirdi.<br \/><\/p>\n","protected":false},"excerpt":{"rendered":"<p>\u0130zmir S\u00fcper Amat\u00f6r Lig E Grubu\u2019nun son haftas\u0131ndaki derbi ma\u00e7ta \u0130mren Ala\u00e7at\u0131spor ile \u00c7e\u015fme Belediyespor 2-2 berabere kald\u0131. \u0130zmir S\u00fcper Amat\u00f6r Lig E Grubu\u2019nda 2015\u20132016 sezonunun son ma\u00e7\u0131nda \u0130mren Ala\u00e7at\u0131spor ile \u00c7e\u015fme Belediyespor, Ala\u00e7at\u0131 15 Eyl\u00fcl Stad\u0131\u2019nda kar\u015f\u0131 kar\u015f\u0131ya geldi. G\u00fcvenlik \u00f6nlemleri nedeniyle \u00c7e\u015fme Belediyespor taraftarlar\u0131n\u0131n al\u0131nmad\u0131\u011f\u0131 kar\u015f\u0131la\u015fmada, \u0130mren Ala\u00e7at\u0131spor taraftarlar\u0131 ise kay\u0131t yapt\u0131rarak, \u00fccretsiz&#8230;<\/p>\n","protected":false},"author":1,"featured_media":84386,"comment_status":"open","ping_status":"open","sticky":false,"template":"","format":"standard","meta":{"_crdt_document":"","footnotes":""},"categories":[4],"tags":[],"class_list":["post-84385","post","type-post","status-publish","format-standard","has-post-thumbnail","hentry","category-spor"],"_links":{"self":[{"href":"https:\/\/www.egemtv.com\/index.php?rest_route=\/wp\/v2\/posts\/84385","targetHints":{"allow":["GET"]}}],"collection":[{"href":"https:\/\/www.egemtv.com\/index.php?rest_route=\/wp\/v2\/posts"}],"about":[{"href":"https:\/\/www.egemtv.com\/index.php?rest_route=\/wp\/v2\/types\/post"}],"author":[{"embeddable":true,"href":"https:\/\/www.egemtv.com\/index.php?rest_route=\/wp\/v2\/users\/1"}],"replies":[{"embeddable":true,"href":"https:\/\/www.egemtv.com\/index.php?rest_route=%2Fwp%2Fv2%2Fcomments&post=84385"}],"version-history":[{"count":1,"href":"https:\/\/www.egemtv.com\/index.php?rest_route=\/wp\/v2\/posts\/84385\/revisions"}],"predecessor-version":[{"id":84387,"href":"https:\/\/www.egemtv.com\/index.php?rest_route=\/wp\/v2\/posts\/84385\/revisions\/84387"}],"wp:featuredmedia":[{"embeddable":true,"href":"https:\/\/www.egemtv.com\/index.php?rest_route=\/wp\/v2\/media\/84386"}],"wp:attachment":[{"href":"https:\/\/www.egemtv.com\/index.php?rest_route=%2Fwp%2Fv2%2Fmedia&parent=84385"}],"wp:term":[{"taxonomy":"category","embeddable":true,"href":"https:\/\/www.egemtv.com\/index.php?rest_route=%2Fwp%2Fv2%2Fcategories&post=84385"},{"taxonomy":"post_tag","embeddable":true,"href":"https:\/\/www.egemtv.com\/index.php?rest_route=%2Fwp%2Fv2%2Ftags&post=84385"}],"curies":[{"name":"wp","href":"https:\/\/api.w.org\/{rel}","templated":true}]}}