{"id":84376,"date":"2026-01-31T18:54:36","date_gmt":"2026-01-31T15:54:36","guid":{"rendered":"https:\/\/www.egemtv.com\/?p=84376"},"modified":"2026-01-31T18:54:38","modified_gmt":"2026-01-31T15:54:38","slug":"kanala-dusen-kopegi-itfaiye-ekipleri-kurtardi","status":"publish","type":"post","link":"https:\/\/www.egemtv.com\/?p=84376","title":{"rendered":"Kanala d\u00fc\u015fen k\u00f6pe\u011fi itfaiye ekipleri kurtard\u0131"},"content":{"rendered":"<p>Ayd\u0131n\u2019\u0131n Efeler il\u00e7esinde sulama kanal\u0131na d\u00fc\u015fen k\u00f6pe\u011fi Ayd\u0131n B\u00fcy\u00fck\u015fehir Belediyesi \u0130tfaiye Daire Ba\u015fkanl\u0131\u011f\u0131 ekipleri kurtard\u0131.<\/p>\n<p>Olay, Bal\u0131kk\u00f6y Mahallesi yolu \u00fczerinde meydana geldi. Edinilen bilgiye g\u00f6re, bir sokak k\u00f6pe\u011fi sulama kanal\u0131na d\u00fc\u015ft\u00fc. K\u00f6pe\u011fin kanala d\u00fc\u015ft\u00fc\u011f\u00fcn\u00fc fark eden vatanda\u015flar kendi imkanlar\u0131 ile k\u00f6pe\u011fi kanaldan \u00e7\u0131kartamay\u0131nca durumu 112 Acil \u00c7a\u011fr\u0131 Merkezi\u2019ne bildirdi. \u0130hbar \u00fczerine b\u00f6lgeye Ayd\u0131n B\u00fcy\u00fck\u015fehir Belediyesi \u0130tfaiye Daire Ba\u015fkanl\u0131\u011f\u0131 ekipleri sevk edildi. K\u0131sa s\u00fcrede olay yerine gelen itfaiye ekipleri k\u00f6pe\u011fi kurtarmak i\u00e7in \u00e7al\u0131\u015fma ba\u015flatt\u0131. Kanala inen ekipler k\u00f6pe\u011fi kanaldan kurtard\u0131. \u0130tfaiye ekipleri taraf\u0131ndan koruma alt\u0131na al\u0131nan k\u00f6pek Ayd\u0131n B\u00fcy\u00fck\u015fehir Belediyesi Evcil Hayvan Bak\u0131m ve Rehabilitasyon Merkezi\u2019ne teslim edildi.<br \/><\/p>\n","protected":false},"excerpt":{"rendered":"<p>Ayd\u0131n\u2019\u0131n Efeler il\u00e7esinde sulama kanal\u0131na d\u00fc\u015fen k\u00f6pe\u011fi Ayd\u0131n B\u00fcy\u00fck\u015fehir Belediyesi \u0130tfaiye Daire Ba\u015fkanl\u0131\u011f\u0131 ekipleri kurtard\u0131. Olay, Bal\u0131kk\u00f6y Mahallesi yolu \u00fczerinde meydana geldi. Edinilen bilgiye g\u00f6re, bir sokak k\u00f6pe\u011fi sulama kanal\u0131na d\u00fc\u015ft\u00fc. K\u00f6pe\u011fin kanala d\u00fc\u015ft\u00fc\u011f\u00fcn\u00fc fark eden vatanda\u015flar kendi imkanlar\u0131 ile k\u00f6pe\u011fi kanaldan \u00e7\u0131kartamay\u0131nca durumu 112 Acil \u00c7a\u011fr\u0131 Merkezi\u2019ne bildirdi. \u0130hbar \u00fczerine b\u00f6lgeye Ayd\u0131n B\u00fcy\u00fck\u015fehir Belediyesi&#8230;<\/p>\n","protected":false},"author":1,"featured_media":84377,"comment_status":"open","ping_status":"open","sticky":false,"template":"","format":"standard","meta":{"_crdt_document":"","footnotes":""},"categories":[5],"tags":[],"class_list":["post-84376","post","type-post","status-publish","format-standard","has-post-thumbnail","hentry","category-asayis"],"_links":{"self":[{"href":"https:\/\/www.egemtv.com\/index.php?rest_route=\/wp\/v2\/posts\/84376","targetHints":{"allow":["GET"]}}],"collection":[{"href":"https:\/\/www.egemtv.com\/index.php?rest_route=\/wp\/v2\/posts"}],"about":[{"href":"https:\/\/www.egemtv.com\/index.php?rest_route=\/wp\/v2\/types\/post"}],"author":[{"embeddable":true,"href":"https:\/\/www.egemtv.com\/index.php?rest_route=\/wp\/v2\/users\/1"}],"replies":[{"embeddable":true,"href":"https:\/\/www.egemtv.com\/index.php?rest_route=%2Fwp%2Fv2%2Fcomments&post=84376"}],"version-history":[{"count":1,"href":"https:\/\/www.egemtv.com\/index.php?rest_route=\/wp\/v2\/posts\/84376\/revisions"}],"predecessor-version":[{"id":84378,"href":"https:\/\/www.egemtv.com\/index.php?rest_route=\/wp\/v2\/posts\/84376\/revisions\/84378"}],"wp:featuredmedia":[{"embeddable":true,"href":"https:\/\/www.egemtv.com\/index.php?rest_route=\/wp\/v2\/media\/84377"}],"wp:attachment":[{"href":"https:\/\/www.egemtv.com\/index.php?rest_route=%2Fwp%2Fv2%2Fmedia&parent=84376"}],"wp:term":[{"taxonomy":"category","embeddable":true,"href":"https:\/\/www.egemtv.com\/index.php?rest_route=%2Fwp%2Fv2%2Fcategories&post=84376"},{"taxonomy":"post_tag","embeddable":true,"href":"https:\/\/www.egemtv.com\/index.php?rest_route=%2Fwp%2Fv2%2Ftags&post=84376"}],"curies":[{"name":"wp","href":"https:\/\/api.w.org\/{rel}","templated":true}]}}